{"id":366149,"date":"2026-09-04T11:27:09","date_gmt":"2026-09-04T11:27:09","guid":{"rendered":"https:\/\/www.europesays.com\/se\/366149\/"},"modified":"2026-09-04T11:27:09","modified_gmt":"2026-09-04T11:27:09","slug":"motorola-edge-70-plus-erbjuder-stort-batteri-och-200-mp-for-6490-kronor","status":"publish","type":"post","link":"https:\/\/www.europesays.com\/se\/366149\/","title":{"rendered":"Motorola Edge 70 Plus erbjuder stort batteri och 200 MP f\u00f6r 6490 kronor"},"content":{"rendered":"<p>Ut\u00f6ver en ny smartklocka har Motorola under IFA introducerat mobilen Edge 70 Plus. Komponenten som sticker ut mest \u00e4r batteriet med sina v\u00e4l tilltagna 6500 mAh och tr\u00e5dad 45 W-laddning. Enheten kan ladda andra enheter i en hastighet p\u00e5 7,5 W men tr\u00e5dl\u00f6s laddning saknas. Spelare kan utnyttja direktstr\u00f6mf\u00f6rs\u00f6rjning, vilket inneb\u00e4r att laddaren driver telefonen och ignorerar batteriet.<\/p>\n<p>Motorola har implementerat en 6,78-tums AMOLED-sk\u00e4rm med 2772 x 1272 pixlar, 450 ppi, HDR10+, 1500 Hz samplingsfrekvens, 10-bitars f\u00e4rgdjup, 144 Hz uppdateringsfrekvens, skyddsglaset Gorilla Glass 7i och en tillf\u00e4llig lokal ljusstyrka p\u00e5 5200 nits. Fingeravtrycksl\u00e4saren \u00e4r optisk och sitter under panelen.<\/p>\n<p>Prestandan ligger n\u00e5gonstans i nedre mellanklassen genom Snapdragon 7s Gen 3, 8 GB arbetsminne (LPDDR5X) och 256 GB lagring av typen UFS 3.1. Tack vare minneskortsplats kan den lokala lagringen ut\u00f6kas med upp till 2 TB. Motorola listar stereoh\u00f6gtalare, h\u00f6guppl\u00f6st ljud, NFC, Bluetooth 6.0, Wi-Fi 6E och eSIM.<\/p>\n<p>Konstruktionen har ytterm\u00e5tten 162,70 x 75,70 x 8,49 millimeter och uppfyller IP64 och MIL-STD-810H. Edge 70 Plus \u00e4r Motorolas f\u00f6rsta mobil med en 200 MP-kamera. Den erbjuder optisk bildstabilisering, bl\u00e4ndaren f1,8 och 10x zoom. Den enda andra bakre kameran \u00e4r en 2 MP utfyllnadssensor f\u00f6r n\u00e4rbilder. Frontkameran har 32 MP och bl\u00e4ndartalet f2,2.<\/p>\n<p>Edge 70 Plus kostar 6490 kronor enligt Motorolas svenska hemsida. Vi vet inte om det \u00e4r ett tillf\u00e4lligt erbjudande vid f\u00f6rbest\u00e4llning eller en miss, f\u00f6r pressmeddelandet h\u00e4vdar att priset ligger p\u00e5 6990 kronor. Telefonen sl\u00e4pps 23 september.<\/p>\n<p><a href=\"https:\/\/swedroid.se\/wp-content\/uploads\/2026\/09\/edge-70-plus-pris.webp\" rel=\"lightbox[264684] nofollow noopener\" target=\"_blank\"><img loading=\"lazy\" decoding=\"async\" aria-describedby=\"caption-attachment-264685\" class=\"wp-image-264685 size-Single\" src=\"https:\/\/www.europesays.com\/se\/wp-content\/uploads\/2026\/09\/edge-70-plus-pris-711x356.webp\" alt=\"\" width=\"711\" height=\"356\"  \/><\/a><\/p>\n<p id=\"caption-attachment-264685\" class=\"wp-caption-text\">Fr\u00e5n Motorolas webb<\/p>\n","protected":false},"excerpt":{"rendered":"Ut\u00f6ver en ny smartklocka har Motorola under IFA introducerat mobilen Edge 70 Plus. Komponenten som sticker ut mest&hellip;\n","protected":false},"author":2,"featured_media":366150,"comment_status":"","ping_status":"","sticky":false,"template":"","format":"standard","meta":{"footnotes":"","_share_on_mastodon":"0"},"categories":[66],"tags":[80,78,79,34,31,33,32,30,81,84,83,82],"class_list":["post-366149","post","type-post","status-publish","format-standard","has-post-thumbnail","category-vetenskap-och-teknik","tag-science","tag-science-and-technology","tag-scienceandtechnology","tag-se","tag-svenska","tag-sverige","tag-sweden","tag-swedish","tag-technology","tag-teknik","tag-vetenskap","tag-vetenskapteknik"],"share_on_mastodon":{"url":"https:\/\/pubeurope.com\/@se\/117212535552140800","error":""},"_links":{"self":[{"href":"https:\/\/www.europesays.com\/se\/wp-json\/wp\/v2\/posts\/366149","targetHints":{"allow":["GET"]}}],"collection":[{"href":"https:\/\/www.europesays.com\/se\/wp-json\/wp\/v2\/posts"}],"about":[{"href":"https:\/\/www.europesays.com\/se\/wp-json\/wp\/v2\/types\/post"}],"author":[{"embeddable":true,"href":"https:\/\/www.europesays.com\/se\/wp-json\/wp\/v2\/users\/2"}],"replies":[{"embeddable":true,"href":"https:\/\/www.europesays.com\/se\/wp-json\/wp\/v2\/comments?post=366149"}],"version-history":[{"count":0,"href":"https:\/\/www.europesays.com\/se\/wp-json\/wp\/v2\/posts\/366149\/revisions"}],"wp:featuredmedia":[{"embeddable":true,"href":"https:\/\/www.europesays.com\/se\/wp-json\/wp\/v2\/media\/366150"}],"wp:attachment":[{"href":"https:\/\/www.europesays.com\/se\/wp-json\/wp\/v2\/media?parent=366149"}],"wp:term":[{"taxonomy":"category","embeddable":true,"href":"https:\/\/www.europesays.com\/se\/wp-json\/wp\/v2\/categories?post=366149"},{"taxonomy":"post_tag","embeddable":true,"href":"https:\/\/www.europesays.com\/se\/wp-json\/wp\/v2\/tags?post=366149"}],"curies":[{"name":"wp","href":"https:\/\/api.w.org\/{rel}","templated":true}]}}