{"id":366253,"date":"2026-09-04T13:05:16","date_gmt":"2026-09-04T13:05:16","guid":{"rendered":"https:\/\/www.europesays.com\/se\/366253\/"},"modified":"2026-09-04T13:05:16","modified_gmt":"2026-09-04T13:05:16","slug":"motorola-lanserar-mobilen-edge-70-plus-och-klockan-watch-ultra-med-wear-os","status":"publish","type":"post","link":"https:\/\/www.europesays.com\/se\/366253\/","title":{"rendered":"Motorola lanserar mobilen Edge 70 Plus och klockan Watch Ultra med Wear OS"},"content":{"rendered":"<p class=\"kicker t20 font-Raleway\" style=\"\">Mobil, klocka, laddare<\/p>\n<p class=\"subtitle t26\" style=\"\">Motorola har sl\u00e4ppt sin senaste mobil i Edge 70-serien, den nya klockan Moto Watch Ultra med Googles smartklockesystem, och en tr\u00e5dl\u00f6s laddare med magnetf\u00e4ste.<\/p>\n<p>I samband med IFA-m\u00e4ssan i Berlin passade Motorola p\u00e5 att sl\u00e4ppa lite nytt.\u00a0<\/p>\n<p>Mobilen Edge 70 Plus \u00e4r den senaste i Motorolas Edge-serie, med en sk\u00e4rm som \u00e4r avrundad p\u00e5 alla fyra sidorna. Sk\u00e4rmen \u00e4r p\u00e5 6,78 tum, s\u00e5 det \u00e4r en mobil modell st\u00f6rre. Baksidan \u00e4r som vanligt framtagen i samarbete med Pantone f\u00f6r att ge bra grepp och intressanta f\u00e4rgalternativ, i detta fallet skogsgr\u00f6n, gr\u00e5lila, ljusbl\u00e5 och ljusgr\u00f6n, alla med olika ytstruktur p\u00e5 baksidan.<\/p>\n<p>Edge 70 Plus drivs av chipsetet Snapdragon 7s gen 3 som ger prestanda i l\u00e4gre mellanklass.<\/p>\n<p>Telefonen har ett extrastort batteri p\u00e5 6500 mAh, och kameran \u00e4r p\u00e5 200 megapixel. Det ska enligt motorola r\u00e4cka till att ge telefonen upp till 10 g\u00e5ngers zoom, men det finns ingen s\u00e4rskild zoomkamera eller vidvinkelkamera, bara en makrokamera ut\u00f6ver huvudkameran.<\/p>\n<p>Motorola Edge 70 Plus kan f\u00f6rbest\u00e4llas nu och finns i butik den 23 september. Rekommenderat pris \u00e4r 6990 kronor.<\/p>\n<p>                <img decoding=\"async\" src=\"https:\/\/www.europesays.com\/se\/wp-content\/uploads\/2026\/09\/1696551.webp\" width=\"480\" height=\"274\" alt=\"\" loading=\"lazy\" style=\"\"\/><\/p>\n<p>Moto Watch Ultra \u00e4r Motorolas f\u00f6rsta riktiga smartklocka med Wear OS sedan Moto 360 fr\u00e5n 2015. Klockan \u00e4r p\u00e5 46 mm, med 1,5 tum stor rund sk\u00e4rm, och anv\u00e4nder standardiserade 22 mm-armband. Batteriet ska r\u00e4cka i tv\u00e5 dygn. N\u00e4r det \u00e4r dags att ladda ska den kunna laddas med 30 procent p\u00e5 10 minuter.<\/p>\n<p>Moto Watch Ultra \u00e4r utvecklad tillsammans med Polar, vilket inneb\u00e4r att den ska anv\u00e4nda Polars algoritmer f\u00f6r att m\u00e4ta s\u00f6mn, kalori\u00e5tg\u00e5ng med mera, och presentera dagliga po\u00e4ng och m\u00e5l.<\/p>\n<p>Moto Watch Ultra ska kosta 4990 kronor och b\u00f6rjar s\u00e4ljas den 22 september.<\/p>\n<p>                Relaterade artiklar<\/p>\n<p class=\"tags\" style=\"margin-top: 0; padding-top: 0;\">\n            <a href=\"https:\/\/www.mobil.se\/tagg\/motorola\" rel=\"nofollow noopener\" target=\"_blank\">motorola<\/a>\n        <\/p>\n<p>Moto Snap \u00e4r en tr\u00e5dl\u00f6s laddare med magnetf\u00e4ste enligt Qi2-standarden, vilket \u00e4r lite udda eftersom Motorola \u00e4n s\u00e5 l\u00e4nge inte anv\u00e4nder sig av magnetf\u00e4ste i sina mobiler med tr\u00e5dl\u00f6s laddning. Den maximala effekten \u00e4r 25 watt, eller 30 watt f\u00f6r Motorolatelefoner som anv\u00e4nder lite egen laddteknik. Den ska vara optimerad f\u00f6r att h\u00e5lla temperaturen l\u00e5g vid laddning, och drar dessutom ingen str\u00f6m i standby.\u00a0<\/p>\n<p>                <img decoding=\"async\" src=\"https:\/\/www.europesays.com\/se\/wp-content\/uploads\/2026\/09\/1696553.webp\" width=\"480\" height=\"274\" alt=\"\" loading=\"lazy\" style=\"\"\/><\/p>\n<p>Moto Snap kommer i oktober och kostar 549 kronor.<\/p>\n","protected":false},"excerpt":{"rendered":"Mobil, klocka, laddare Motorola har sl\u00e4ppt sin senaste mobil i Edge 70-serien, den nya klockan Moto Watch Ultra&hellip;\n","protected":false},"author":2,"featured_media":366254,"comment_status":"","ping_status":"","sticky":false,"template":"","format":"standard","meta":{"footnotes":"","_share_on_mastodon":"0"},"categories":[66],"tags":[80,78,79,34,31,33,32,30,81,84,83,82],"class_list":["post-366253","post","type-post","status-publish","format-standard","has-post-thumbnail","category-vetenskap-och-teknik","tag-science","tag-science-and-technology","tag-scienceandtechnology","tag-se","tag-svenska","tag-sverige","tag-sweden","tag-swedish","tag-technology","tag-teknik","tag-vetenskap","tag-vetenskapteknik"],"share_on_mastodon":{"url":"https:\/\/pubeurope.com\/@se\/117212920804345782","error":""},"_links":{"self":[{"href":"https:\/\/www.europesays.com\/se\/wp-json\/wp\/v2\/posts\/366253","targetHints":{"allow":["GET"]}}],"collection":[{"href":"https:\/\/www.europesays.com\/se\/wp-json\/wp\/v2\/posts"}],"about":[{"href":"https:\/\/www.europesays.com\/se\/wp-json\/wp\/v2\/types\/post"}],"author":[{"embeddable":true,"href":"https:\/\/www.europesays.com\/se\/wp-json\/wp\/v2\/users\/2"}],"replies":[{"embeddable":true,"href":"https:\/\/www.europesays.com\/se\/wp-json\/wp\/v2\/comments?post=366253"}],"version-history":[{"count":0,"href":"https:\/\/www.europesays.com\/se\/wp-json\/wp\/v2\/posts\/366253\/revisions"}],"wp:featuredmedia":[{"embeddable":true,"href":"https:\/\/www.europesays.com\/se\/wp-json\/wp\/v2\/media\/366254"}],"wp:attachment":[{"href":"https:\/\/www.europesays.com\/se\/wp-json\/wp\/v2\/media?parent=366253"}],"wp:term":[{"taxonomy":"category","embeddable":true,"href":"https:\/\/www.europesays.com\/se\/wp-json\/wp\/v2\/categories?post=366253"},{"taxonomy":"post_tag","embeddable":true,"href":"https:\/\/www.europesays.com\/se\/wp-json\/wp\/v2\/tags?post=366253"}],"curies":[{"name":"wp","href":"https:\/\/api.w.org\/{rel}","templated":true}]}}