{"id":366271,"date":"2026-09-04T13:21:12","date_gmt":"2026-09-04T13:21:12","guid":{"rendered":"https:\/\/www.europesays.com\/se\/366271\/"},"modified":"2026-09-04T13:21:12","modified_gmt":"2026-09-04T13:21:12","slug":"oasis-postar-kryptisk-video-fans-tror-pa-ny-turne","status":"publish","type":"post","link":"https:\/\/www.europesays.com\/se\/366271\/","title":{"rendered":"Oasis postar kryptisk video \u2013 fans tror p\u00e5 ny turn\u00e9"},"content":{"rendered":"<p>Ska Oasis g\u00f6ra en repris p\u00e5 fjol\u00e5rets hyllade turn\u00e9? Det tror i alla fall deras fans efter att bandet publicerat en kryptisk video p\u00e5 sociala medier i dagarna, skriver BBC.<\/p>\n<p>I den 23 sekunder korta videon syns tv\u00e5 pojkar i vad som ser ut att vara ett snabbmatst\u00e4lle, samtidigt som musikvideon till \u201dLittle by little\u201d spelas i bakgrunden.<\/p>\n<p>Men uppm\u00e4rksamma internetdetektiver har sett andra detaljer som f\u00e5r dem att tro att spelningar i Skottland \u00e4r i g\u00f6rningen. Det handlar om olika siffror som syns i videon och som enligt BBC bildar koordinaterna till arenan Celtic Park i Glasgow. Dessutom syns flera skotska delikatesser i bakgrunden.<\/p>\n<p>Under sommaren har brittiska medier publicerat flera obekr\u00e4ftade uppgifter om att Oasis ska ge sig ut p\u00e5 en ny turn\u00e9 n\u00e4sta \u00e5r. Detta har inte bekr\u00e4ftats av bandets frontm\u00e4n, Liam och Noel Gallagher.<\/p>\n<p>Omni \u00e4r politiskt obundna och oberoende. Vi str\u00e4var efter att ge fler perspektiv p\u00e5 nyheterna. Har du fr\u00e5gor eller synpunkter kring v\u00e5r rapportering? <a href=\"https:\/\/omni.se\/oasis-postar-kryptisk-video-fans-tror-pa-ny-turne\/a\/mailto:redaktion@omni.se\" class=\"ArticleActions-module-scss-module__w9u9BG__contactLink\" rel=\"nofollow noopener\" target=\"_blank\">Kontakta redaktionen<\/a><\/p>\n","protected":false},"excerpt":{"rendered":"Ska Oasis g\u00f6ra en repris p\u00e5 fjol\u00e5rets hyllade turn\u00e9? Det tror i alla fall deras fans efter att&hellip;\n","protected":false},"author":2,"featured_media":366272,"comment_status":"","ping_status":"","sticky":false,"template":"","format":"standard","meta":{"footnotes":"","_share_on_mastodon":"0"},"categories":[67],"tags":[104,41078,17588,172,41077,592,34,12755,31,33,32,30,105],"class_list":["post-366271","post","type-post","status-publish","format-standard","has-post-thumbnail","category-underhallning","tag-entertainment","tag-liam-gallagher","tag-mix","tag-musik","tag-noel-gallagher","tag-oasis","tag-se","tag-skottland","tag-svenska","tag-sverige","tag-sweden","tag-swedish","tag-underhallning"],"share_on_mastodon":{"url":"https:\/\/pubeurope.com\/@se\/117212983043865951","error":""},"_links":{"self":[{"href":"https:\/\/www.europesays.com\/se\/wp-json\/wp\/v2\/posts\/366271","targetHints":{"allow":["GET"]}}],"collection":[{"href":"https:\/\/www.europesays.com\/se\/wp-json\/wp\/v2\/posts"}],"about":[{"href":"https:\/\/www.europesays.com\/se\/wp-json\/wp\/v2\/types\/post"}],"author":[{"embeddable":true,"href":"https:\/\/www.europesays.com\/se\/wp-json\/wp\/v2\/users\/2"}],"replies":[{"embeddable":true,"href":"https:\/\/www.europesays.com\/se\/wp-json\/wp\/v2\/comments?post=366271"}],"version-history":[{"count":0,"href":"https:\/\/www.europesays.com\/se\/wp-json\/wp\/v2\/posts\/366271\/revisions"}],"wp:featuredmedia":[{"embeddable":true,"href":"https:\/\/www.europesays.com\/se\/wp-json\/wp\/v2\/media\/366272"}],"wp:attachment":[{"href":"https:\/\/www.europesays.com\/se\/wp-json\/wp\/v2\/media?parent=366271"}],"wp:term":[{"taxonomy":"category","embeddable":true,"href":"https:\/\/www.europesays.com\/se\/wp-json\/wp\/v2\/categories?post=366271"},{"taxonomy":"post_tag","embeddable":true,"href":"https:\/\/www.europesays.com\/se\/wp-json\/wp\/v2\/tags?post=366271"}],"curies":[{"name":"wp","href":"https:\/\/api.w.org\/{rel}","templated":true}]}}