{"id":366283,"date":"2026-09-04T13:30:14","date_gmt":"2026-09-04T13:30:14","guid":{"rendered":"https:\/\/www.europesays.com\/se\/366283\/"},"modified":"2026-09-04T13:30:14","modified_gmt":"2026-09-04T13:30:14","slug":"circulars-nya-smarta-ring-klarar-av-bade-halsosparning-och-kontaktlosa-betalningar-m3","status":"publish","type":"post","link":"https:\/\/www.europesays.com\/se\/366283\/","title":{"rendered":"Circulars nya smarta ring klarar av b\u00e5de h\u00e4lsosp\u00e5rning och kontaktl\u00f6sa betalningar \u2013 M3"},"content":{"rendered":"<p><img loading=\"lazy\" decoding=\"async\" data-wp-class--hide=\"state.isContentHidden\" data-wp-class--show=\"state.isContentVisible\" data-wp-init=\"callbacks.setButtonStyles\" data-wp-on-async--click=\"actions.showLightbox\" data-wp-on-async--load=\"callbacks.setButtonStyles\" data-wp-on-async-window--resize=\"callbacks.setButtonStyles\" src=\"https:\/\/www.europesays.com\/se\/wp-content\/uploads\/2026\/09\/Circular-Ring-3-Slim-colours.jpg\" alt=\"Circular Ring 3 Slim colours\" class=\"wp-image-3227182\" width=\"1200\" height=\"675\" \/><\/p>\n<p class=\"imageCredit\">Circular<\/p>\n<p class=\"wp-block-paragraph\">Ut\u00f6ver ovan n\u00e4mnda funktioner ska Circular Ring 3 Pro \u00e4ven vara utrustad med en ekg-sensor, ska kunna m\u00e4ta trender i ditt blodtryck, se \u00f6ver dina glukosniv\u00e5er, ge dig en mer avancerad s\u00f6mnanalys, samt ge dig haptiska notifikationer i form av vibrationer.<\/p>\n<p class=\"wp-block-paragraph\">Batteritiden f\u00f6r Circular Ring 3 Slim ska vara 10 dagar, medan batteriet i Pro-modellen ska r\u00e4cka i 12 dagar. Ringarna kommer att finnas i storlekarna 6 till 14, Slim-ringen \u00e4r 5,9 mm bred och 2,35 mm tjock, medan Pro-ringen \u00e4r 6,8 mm bred och 2,78 mm tjock.<\/p>\n<p><img loading=\"lazy\" decoding=\"async\" data-wp-class--hide=\"state.isContentHidden\" data-wp-class--show=\"state.isContentVisible\" data-wp-init=\"callbacks.setButtonStyles\" data-wp-on-async--click=\"actions.showLightbox\" data-wp-on-async--load=\"callbacks.setButtonStyles\" data-wp-on-async-window--resize=\"callbacks.setButtonStyles\" src=\"https:\/\/www.europesays.com\/se\/wp-content\/uploads\/2026\/09\/Circular-Ring-3-Comparison_6daf5f.jpeg\" alt=\"Circular Ring 3 Series\" class=\"wp-image-3227416\" width=\"1200\" height=\"1200\" \/><\/p>\n<p class=\"imageCredit\">Circular<\/p>\n<p class=\"wp-block-paragraph\">Circular har \u00e4nnu inte avsl\u00f6jat hur mycket ringarna i Circular Ring 3-serien kommer att kosta, men de siktar p\u00e5 att lansera dem i b\u00f6rjan av 2027.<\/p>\n","protected":false},"excerpt":{"rendered":"Circular Ut\u00f6ver ovan n\u00e4mnda funktioner ska Circular Ring 3 Pro \u00e4ven vara utrustad med en ekg-sensor, ska kunna&hellip;\n","protected":false},"author":2,"featured_media":366284,"comment_status":"","ping_status":"","sticky":false,"template":"","format":"standard","meta":{"footnotes":"","_share_on_mastodon":"0"},"categories":[66],"tags":[80,78,79,34,31,33,32,30,81,84,83,82],"class_list":["post-366283","post","type-post","status-publish","format-standard","has-post-thumbnail","category-vetenskap-och-teknik","tag-science","tag-science-and-technology","tag-scienceandtechnology","tag-se","tag-svenska","tag-sverige","tag-sweden","tag-swedish","tag-technology","tag-teknik","tag-vetenskap","tag-vetenskapteknik"],"share_on_mastodon":{"url":"https:\/\/pubeurope.com\/@se\/117213019372783676","error":""},"_links":{"self":[{"href":"https:\/\/www.europesays.com\/se\/wp-json\/wp\/v2\/posts\/366283","targetHints":{"allow":["GET"]}}],"collection":[{"href":"https:\/\/www.europesays.com\/se\/wp-json\/wp\/v2\/posts"}],"about":[{"href":"https:\/\/www.europesays.com\/se\/wp-json\/wp\/v2\/types\/post"}],"author":[{"embeddable":true,"href":"https:\/\/www.europesays.com\/se\/wp-json\/wp\/v2\/users\/2"}],"replies":[{"embeddable":true,"href":"https:\/\/www.europesays.com\/se\/wp-json\/wp\/v2\/comments?post=366283"}],"version-history":[{"count":0,"href":"https:\/\/www.europesays.com\/se\/wp-json\/wp\/v2\/posts\/366283\/revisions"}],"wp:featuredmedia":[{"embeddable":true,"href":"https:\/\/www.europesays.com\/se\/wp-json\/wp\/v2\/media\/366284"}],"wp:attachment":[{"href":"https:\/\/www.europesays.com\/se\/wp-json\/wp\/v2\/media?parent=366283"}],"wp:term":[{"taxonomy":"category","embeddable":true,"href":"https:\/\/www.europesays.com\/se\/wp-json\/wp\/v2\/categories?post=366283"},{"taxonomy":"post_tag","embeddable":true,"href":"https:\/\/www.europesays.com\/se\/wp-json\/wp\/v2\/tags?post=366283"}],"curies":[{"name":"wp","href":"https:\/\/api.w.org\/{rel}","templated":true}]}}