{"id":366289,"date":"2026-09-04T13:34:10","date_gmt":"2026-09-04T13:34:10","guid":{"rendered":"https:\/\/www.europesays.com\/se\/366289\/"},"modified":"2026-09-04T13:34:10","modified_gmt":"2026-09-04T13:34:10","slug":"uppgifter-usas-sandebud-till-kyiv-och-moskva-i-helgen","status":"publish","type":"post","link":"https:\/\/www.europesays.com\/se\/366289\/","title":{"rendered":"Uppgifter: USA:s s\u00e4ndebud till Kyiv och Moskva i helgen"},"content":{"rendered":"<p>De amerikanska s\u00e4ndebuden Steve Witkoff och Jared Kushner kommer att resa till Kyiv i Ukraina i helgen. Det uppger k\u00e4llor till den ryska nyhetsbyr\u00e5n Tass.<\/p>\n<p>S\u00e4ndebudens bes\u00f6k blir det f\u00f6rsta i landet sedan Donald Trump tilltr\u00e4dde den andra presidentperioden, skriver Axios. De kommer att tr\u00e4ffa president Volodymyr Zelenskyj under s\u00f6ndagen, skriver Axios.<\/p>\n<p> Dagen innan ska de till Moskva under l\u00f6rdagen d\u00e4r man planerar samtal med president Vladimir Putin. Syftet \u00e4r att f\u00e5 slut p\u00e5 kriget men det finns tecken p\u00e5 att bes\u00f6ken kan st\u00e4llas in, skriver Kyiv Independent.<\/p>\n<p>Anledningen ska vara att s\u00e4ndebuden \u201db\u00f6rjar bli r\u00e4dda\u201d f\u00f6r att bes\u00f6ka Ukraina efter ryska p\u00e5tryckningar, uppger k\u00e4llor till tidningen.<\/p>\n<p>Omni \u00e4r politiskt obundna och oberoende. Vi str\u00e4var efter att ge fler perspektiv p\u00e5 nyheterna. Har du fr\u00e5gor eller synpunkter kring v\u00e5r rapportering? <a href=\"https:\/\/omni.se\/uppgifter-usa-s-sandebud-till-kyiv-och-moskva-i-helgen\/a\/mailto:redaktion@omni.se\" class=\"ArticleActions-module-scss-module__w9u9BG__contactLink\" rel=\"nofollow noopener\" target=\"_blank\">Kontakta redaktionen<\/a><\/p>\n","protected":false},"excerpt":{"rendered":"De amerikanska s\u00e4ndebuden Steve Witkoff och Jared Kushner kommer att resa till Kyiv i Ukraina i helgen. Det&hellip;\n","protected":false},"author":2,"featured_media":366290,"comment_status":"","ping_status":"","sticky":false,"template":"","format":"standard","meta":{"footnotes":"","_share_on_mastodon":"0"},"categories":[5],"tags":[22,23,385,267,26,27,17,21,10798,24,25,28,29,15,16,18,269,264,34,9122,31,33,32,30,19,20,263,261],"class_list":["post-366289","post","type-post","status-publish","format-standard","has-post-thumbnail","category-rubriker","tag-breaking-news","tag-breakingnews","tag-donald-trump","tag-europa","tag-featured-news","tag-featurednews","tag-headlines","tag-huvudnyheter","tag-jared-kushner","tag-latest-news","tag-latestnews","tag-main-news","tag-mainnews","tag-news","tag-nyheter","tag-rubriker","tag-ryska-invasionen","tag-ryssland","tag-se","tag-steve-witkoff","tag-svenska","tag-sverige","tag-sweden","tag-swedish","tag-top-stories","tag-topstories","tag-ukraina","tag-vladimir-putin"],"share_on_mastodon":{"url":"https:\/\/pubeurope.com\/@se\/117213034378172132","error":""},"_links":{"self":[{"href":"https:\/\/www.europesays.com\/se\/wp-json\/wp\/v2\/posts\/366289","targetHints":{"allow":["GET"]}}],"collection":[{"href":"https:\/\/www.europesays.com\/se\/wp-json\/wp\/v2\/posts"}],"about":[{"href":"https:\/\/www.europesays.com\/se\/wp-json\/wp\/v2\/types\/post"}],"author":[{"embeddable":true,"href":"https:\/\/www.europesays.com\/se\/wp-json\/wp\/v2\/users\/2"}],"replies":[{"embeddable":true,"href":"https:\/\/www.europesays.com\/se\/wp-json\/wp\/v2\/comments?post=366289"}],"version-history":[{"count":0,"href":"https:\/\/www.europesays.com\/se\/wp-json\/wp\/v2\/posts\/366289\/revisions"}],"wp:featuredmedia":[{"embeddable":true,"href":"https:\/\/www.europesays.com\/se\/wp-json\/wp\/v2\/media\/366290"}],"wp:attachment":[{"href":"https:\/\/www.europesays.com\/se\/wp-json\/wp\/v2\/media?parent=366289"}],"wp:term":[{"taxonomy":"category","embeddable":true,"href":"https:\/\/www.europesays.com\/se\/wp-json\/wp\/v2\/categories?post=366289"},{"taxonomy":"post_tag","embeddable":true,"href":"https:\/\/www.europesays.com\/se\/wp-json\/wp\/v2\/tags?post=366289"}],"curies":[{"name":"wp","href":"https:\/\/api.w.org\/{rel}","templated":true}]}}