{"id":366355,"date":"2026-09-04T14:24:10","date_gmt":"2026-09-04T14:24:10","guid":{"rendered":"https:\/\/www.europesays.com\/se\/366355\/"},"modified":"2026-09-04T14:24:10","modified_gmt":"2026-09-04T14:24:10","slug":"just-nu-hela-varlden-ser-att-vi-ar-ett-lysande-undantag","status":"publish","type":"post","link":"https:\/\/www.europesays.com\/se\/366355\/","title":{"rendered":"Just nu: \u201dHela v\u00e4rlden ser att vi \u00e4r ett lysande undantag\u201d"},"content":{"rendered":"<p>Av Tomas Ekelund<br \/>Publicerad: I dag 15.09. Uppdaterad: I dag 16.18<\/p>\n<p>De \u00e5tta partiledarna drabbar just nu samman i en f\u00f6rsta slutdebatt i Sveriges Radio. Det f\u00f6rsta \u00e4mnet \u00e4r ekonomi och kommer att handla om Sverige har utvecklats i r\u00e4tt riktning under den senaste mandatperioden eller inte. <\/p>\n<p>\u2013 Vi beh\u00f6ver en ekonomi med tillv\u00e4xt d\u00e4r jobben blir fler inte f\u00e4rre, s\u00e4ger Magdalena Andersson (S). <\/p>\n<p>Ulf Kristersson (M) \u00e5 sin sida menar att S-ledaren svartm\u00e5lar svensk ekonomi. <\/p>\n<p>\u2013 Hela v\u00e4rlden ser att vi \u00e4r ett lysande undantag i Europa, s\u00e4ger han och f\u00e5r medh\u00e5ll av Jimmie \u00c5kesson (SD).<\/p>\n<p>V-ledaren Nooshi Dadgostar avf\u00e4rdar kritiken och pekar bland annat p\u00e5 de inv\u00e4ndningar som Finanspolitiska r\u00e5det gick fram med tidigare i \u00e5r. <\/p>\n<p>\u2013 H\u00f6ginkomsttagare har f\u00e5tt det betydligt b\u00e4ttre. Men majoriteten har inte f\u00e5tt det, s\u00e4ger hon.<\/p>\n<p>Texten uppdateras. <\/p>\n<p>Just nu uppl\u00e5st f\u00f6r alla<\/p>\n<p>September \u00e4r kommen och valr\u00f6relsen g\u00e5r in i sitt absolut slutskede. H\u00e4r \u00e4r allt du beh\u00f6ver veta om valspurten.<\/p>\n<p>L\u00e4s vidare med Omni Mer<\/p>\n<p>Omni \u00e4r politiskt obundna och oberoende. Vi str\u00e4var efter att ge fler perspektiv p\u00e5 nyheterna. Har du fr\u00e5gor eller synpunkter kring v\u00e5r rapportering? <a href=\"https:\/\/omni.se\/thand-ringqvist-det-ar-bra-teman-i-idag\/a\/mailto:redaktion@omni.se\" class=\"ArticleActions-module-scss-module__w9u9BG__contactLink\" rel=\"nofollow noopener\" target=\"_blank\">Kontakta redaktionen<\/a><\/p>\n","protected":false},"excerpt":{"rendered":"Av Tomas EkelundPublicerad: I dag 15.09. Uppdaterad: I dag 16.18 De \u00e5tta partiledarna drabbar just nu samman i&hellip;\n","protected":false},"author":2,"featured_media":366356,"comment_status":"","ping_status":"","sticky":false,"template":"","format":"standard","meta":{"footnotes":"","_share_on_mastodon":"0"},"categories":[5],"tags":[22,23,1983,6463,26,27,17,21,24,25,28,29,15,16,369,18,34,31,33,32,30,19,20,3416],"class_list":["post-366355","post","type-post","status-publish","format-standard","has-post-thumbnail","category-rubriker","tag-breaking-news","tag-breakingnews","tag-centerpartiet","tag-elisabeth-thand-ringqvist","tag-featured-news","tag-featurednews","tag-headlines","tag-huvudnyheter","tag-latest-news","tag-latestnews","tag-main-news","tag-mainnews","tag-news","tag-nyheter","tag-politik","tag-rubriker","tag-se","tag-svenska","tag-sverige","tag-sweden","tag-swedish","tag-top-stories","tag-topstories","tag-valet-2026"],"share_on_mastodon":{"url":"https:\/\/pubeurope.com\/@se\/117213230840562223","error":""},"_links":{"self":[{"href":"https:\/\/www.europesays.com\/se\/wp-json\/wp\/v2\/posts\/366355","targetHints":{"allow":["GET"]}}],"collection":[{"href":"https:\/\/www.europesays.com\/se\/wp-json\/wp\/v2\/posts"}],"about":[{"href":"https:\/\/www.europesays.com\/se\/wp-json\/wp\/v2\/types\/post"}],"author":[{"embeddable":true,"href":"https:\/\/www.europesays.com\/se\/wp-json\/wp\/v2\/users\/2"}],"replies":[{"embeddable":true,"href":"https:\/\/www.europesays.com\/se\/wp-json\/wp\/v2\/comments?post=366355"}],"version-history":[{"count":0,"href":"https:\/\/www.europesays.com\/se\/wp-json\/wp\/v2\/posts\/366355\/revisions"}],"wp:featuredmedia":[{"embeddable":true,"href":"https:\/\/www.europesays.com\/se\/wp-json\/wp\/v2\/media\/366356"}],"wp:attachment":[{"href":"https:\/\/www.europesays.com\/se\/wp-json\/wp\/v2\/media?parent=366355"}],"wp:term":[{"taxonomy":"category","embeddable":true,"href":"https:\/\/www.europesays.com\/se\/wp-json\/wp\/v2\/categories?post=366355"},{"taxonomy":"post_tag","embeddable":true,"href":"https:\/\/www.europesays.com\/se\/wp-json\/wp\/v2\/tags?post=366355"}],"curies":[{"name":"wp","href":"https:\/\/api.w.org\/{rel}","templated":true}]}}