{"id":366363,"date":"2026-09-04T14:32:30","date_gmt":"2026-09-04T14:32:30","guid":{"rendered":"https:\/\/www.europesays.com\/se\/366363\/"},"modified":"2026-09-04T14:32:30","modified_gmt":"2026-09-04T14:32:30","slug":"fortidsrosta-ar-populart-politikernas-slutspurt-paverkas","status":"publish","type":"post","link":"https:\/\/www.europesays.com\/se\/366363\/","title":{"rendered":"F\u00f6rtidsr\u00f6sta \u00e4r popul\u00e4rt \u2013 politikernas slutspurt p\u00e5verkas"},"content":{"rendered":"<p>  <a class=\"_link_1lr5y_108\" href=\"https:\/\/aftonbladet.se\/av\/linnea-blomberg\" title=\"Linnea Blomberg\" rel=\"nofollow noopener\" target=\"_blank\"><img alt=\"Bild av Linnea Blomberg\" class=\"_image_1lr5y_85\" fetchpriority=\"low\" decoding=\"async\" itemprop=\"image\" loading=\"lazy\"  src=\"https:\/\/www.europesays.com\/se\/wp-content\/uploads\/2026\/09\/1788532348_187_c725184e-7c1f-47a7-987b-d3dd09655877.png\"  width=\"480\"\/><\/a>  <img class=\"_image_1a8ez_62 layout-component layout-wide\" data-fullscreen- data-track-element-type=\"Article image fullscreen\" data-track-name=\"ImageFullscreen\" fetchpriority=\"high\" decoding=\"sync\" loading=\"eager\" height=\"181\" itemprop=\"image\"  src=\"https:\/\/www.europesays.com\/se\/wp-content\/uploads\/2026\/09\/b5d392f1104704bcfac55e962ac12339.jpg\"  style=\"object-position:50% 50%;aspect-ratio:1.7777777777777777;height:auto;object-fit:cover;width:100%\" width=\"102\"\/>  <\/p>\n<p class=\"_textTheme_4io5p_1 _lead_16k26_2 _lead_3ue4t_18 layout-component layout-normal layout-padded _lead_o6m9k_5 _leadTheme_cypwp_1 body-large bold\">Med nio dagar kvar till valet har redan omkring 1,4 miljoner svenskar f\u00f6rtidsr\u00f6stat.<\/p>\n<p class=\"_textTheme_4io5p_1 _lead_16k26_2 _lead_3ue4t_18 layout-component layout-normal layout-padded _lead_o6m9k_5 _leadTheme_cypwp_1 body-large bold\">Det f\u00f6r\u00e4ndrar spelplanen f\u00f6r partiernas slutspurt.<\/p>\n<p class=\"_textTheme_4io5p_1 _lead_16k26_2 _lead_3ue4t_18 layout-component layout-normal layout-padded _lead_o6m9k_5 _leadTheme_cypwp_1 body-large bold\">\u2013 Valresultatet har redan b\u00f6rjat spikas fast, s\u00e4ger statsvetaren och valexperten Henrik Ekengren Oscarsson.<\/p>\n<p class=\"_textTheme_4io5p_1 _paragraph_16k26_4 _paragraph_3ue4t_27 layout-component layout-normal layout-padded body-medium\">Under fredagen meddelade Valmyndigheten att ett tekniskt fel p\u00e5verkat omkring 4\u00a0000 f\u00f6rtidsr\u00f6ster. Hur allvarlig h\u00e4ndelsen \u00e4r g\u00e5r \u00e4nnu inte att s\u00e4ga, enligt statsvetaren Henrik Ekengren Oscarsson.<\/p>\n<p class=\"_textTheme_4io5p_1 _paragraph_16k26_4 _paragraph_3ue4t_27 layout-component layout-normal layout-padded body-medium\">\u2013 Det g\u00e5r inte att avg\u00f6ra i det h\u00e4r l\u00e4get, s\u00e4ger han. <\/p>\n<p class=\"_textTheme_4io5p_1 _paragraph_16k26_4 _paragraph_3ue4t_27 layout-component layout-normal layout-padded body-medium\">Samtidigt blir det allt vanligare att r\u00f6sta f\u00f6re valdagen. Henrik Ekengren Oscarsson bed\u00f6mer att omkring h\u00e4lften av v\u00e4ljarna kommer att f\u00f6rtidsr\u00f6sta \u2013 en utveckling som han framf\u00f6r allt f\u00f6rklarar med den \u00f6kade tillg\u00e4ngligheten.<\/p>\n<p class=\"_textTheme_4io5p_1 _paragraph_16k26_4 _paragraph_3ue4t_27 layout-component layout-normal layout-padded body-medium\">\u2013 Det \u00e4r m\u00e5nga som vittnar om att det \u00e4r s\u00e5 smidigt och l\u00e4tt att f\u00e5 det gjort. Folk \u00e4r pressade och v\u00e4ldigt r\u00f6rliga i dag. Det har varit en succ\u00e9 \u00e4nda sedan kommunerna tog \u00f6ver f\u00f6rtidsr\u00f6stningen.<\/p>\n<ul class=\"_gallery_1f6gv_33\" tabindex=\"0\">\n<li class=\"_item_1f6gv_64\" data-index=\"0\"><img decoding=\"async\" alt=\"\" class=\"_image_1rh6a_27 _articleGallery_1rh6a_43\" data-fullscreen- width=\"5162\" height=\"3407\" itemprop=\"image\" loading=\"lazy\"  src=\"https:\/\/www.europesays.com\/se\/wp-content\/uploads\/2026\/09\/771ea4a1-4bd9-30dd-a14e-e8119bd9d039.jpeg\"  style=\"object-position:50.95893064703603% 36.90930437334899%;aspect-ratio:var(--gallery-aspect-ratio, 16 \/ 9)\"\/>Henrik Ekengren Oscarsson, professor i statsvetenskap med s\u00e4rskild inriktning mot valforskning. Foto: Anders Deros<\/li>\n<li class=\"_item_1f6gv_64\" data-index=\"1\"><img decoding=\"async\" alt=\"\" class=\"_image_1rh6a_27 _articleGallery_1rh6a_43\" data-fullscreen- width=\"8256\" height=\"5504\" itemprop=\"image\" loading=\"lazy\"  src=\"https:\/\/www.europesays.com\/se\/wp-content\/uploads\/2026\/09\/0c2a0042-a50d-3251-baca-71db71f0b817.jpeg\"  style=\"object-position:66.47892441860465% 47.265625%;aspect-ratio:var(--gallery-aspect-ratio, 16 \/ 9)\"\/>F\u00f6rtidsr\u00f6stning beskrivs som smidigt, bland annat kan man g\u00f6ra det p\u00e5 Stockholms centralstation. Foto: Anders Wiklund\/TT<\/li>\n<\/ul>\n<p>Henrik Ekengren Oscarsson, professor i statsvetenskap med s\u00e4rskild inriktning mot valforskning. Foto: Anders Deros<\/p>\n<p> Partier har b\u00f6rjat anpassa kampanjer <\/p>\n<p class=\"_textTheme_4io5p_1 _paragraph_16k26_4 _paragraph_3ue4t_27 layout-component layout-normal layout-padded body-medium\">Men utvecklingen f\u00f6r\u00e4ndrar ocks\u00e5 f\u00f6ruts\u00e4ttningarna f\u00f6r valr\u00f6relsen. N\u00e4r allt fler redan har r\u00f6stat minskar m\u00f6jligheten f\u00f6r partiernas sena utspel att f\u00e5 genomslag.<\/p>\n<p class=\"_textTheme_4io5p_1 _paragraph_16k26_4 _paragraph_3ue4t_27 layout-component layout-normal layout-padded body-medium\">\u2013 Det blir lite konstigt n\u00e4r partimanifesten dyker upp efter att folk har b\u00f6rjat r\u00f6sta. Nu har redan 1,4 miljoner r\u00f6stat, s\u00e4ger Henrik Ekengren Oscarsson.<\/p>\n<p class=\"_textTheme_4io5p_1 _paragraph_16k26_4 _paragraph_3ue4t_27 layout-component layout-normal layout-padded body-medium\">Han s\u00e4ger \u00e4ven att partierna har ocks\u00e5 b\u00f6rjat anpassa sina kampanjer efter utvecklingen och uppmanar i h\u00f6gre grad sina sympatis\u00f6rer att r\u00f6sta tidigt.<\/p>\n<p class=\"_textTheme_4io5p_1 _paragraph_16k26_4 _paragraph_3ue4t_27 layout-component layout-normal layout-padded body-medium\">\u2013 Man \u00e4r beroende av att verkligen mobilisera alla, s\u00e5 att ingen gl\u00f6mmer eller slarvar.<\/p>\n","protected":false},"excerpt":{"rendered":"Med nio dagar kvar till valet har redan omkring 1,4 miljoner svenskar f\u00f6rtidsr\u00f6stat. Det f\u00f6r\u00e4ndrar spelplanen f\u00f6r partiernas&hellip;\n","protected":false},"author":2,"featured_media":366364,"comment_status":"","ping_status":"","sticky":false,"template":"","format":"standard","meta":{"footnotes":"","_share_on_mastodon":"0"},"categories":[5],"tags":[22,23,26,27,17,41680,21,24,25,28,29,15,16,18,34,31,33,32,30,19,20,13079],"class_list":["post-366363","post","type-post","status-publish","format-standard","has-post-thumbnail","category-rubriker","tag-breaking-news","tag-breakingnews","tag-featured-news","tag-featurednews","tag-headlines","tag-henrik-ekengren-oscarsson","tag-huvudnyheter","tag-latest-news","tag-latestnews","tag-main-news","tag-mainnews","tag-news","tag-nyheter","tag-rubriker","tag-se","tag-svenska","tag-sverige","tag-sweden","tag-swedish","tag-top-stories","tag-topstories","tag-valmyndigheten"],"share_on_mastodon":{"url":"https:\/\/pubeurope.com\/@se\/117213263129876419","error":""},"_links":{"self":[{"href":"https:\/\/www.europesays.com\/se\/wp-json\/wp\/v2\/posts\/366363","targetHints":{"allow":["GET"]}}],"collection":[{"href":"https:\/\/www.europesays.com\/se\/wp-json\/wp\/v2\/posts"}],"about":[{"href":"https:\/\/www.europesays.com\/se\/wp-json\/wp\/v2\/types\/post"}],"author":[{"embeddable":true,"href":"https:\/\/www.europesays.com\/se\/wp-json\/wp\/v2\/users\/2"}],"replies":[{"embeddable":true,"href":"https:\/\/www.europesays.com\/se\/wp-json\/wp\/v2\/comments?post=366363"}],"version-history":[{"count":0,"href":"https:\/\/www.europesays.com\/se\/wp-json\/wp\/v2\/posts\/366363\/revisions"}],"wp:featuredmedia":[{"embeddable":true,"href":"https:\/\/www.europesays.com\/se\/wp-json\/wp\/v2\/media\/366364"}],"wp:attachment":[{"href":"https:\/\/www.europesays.com\/se\/wp-json\/wp\/v2\/media?parent=366363"}],"wp:term":[{"taxonomy":"category","embeddable":true,"href":"https:\/\/www.europesays.com\/se\/wp-json\/wp\/v2\/categories?post=366363"},{"taxonomy":"post_tag","embeddable":true,"href":"https:\/\/www.europesays.com\/se\/wp-json\/wp\/v2\/tags?post=366363"}],"curies":[{"name":"wp","href":"https:\/\/api.w.org\/{rel}","templated":true}]}}