{"id":366371,"date":"2026-09-04T14:40:17","date_gmt":"2026-09-04T14:40:17","guid":{"rendered":"https:\/\/www.europesays.com\/se\/366371\/"},"modified":"2026-09-04T14:40:17","modified_gmt":"2026-09-04T14:40:17","slug":"m-erbjuder-c-allt-thand-ringqvist-sager-nej","status":"publish","type":"post","link":"https:\/\/www.europesays.com\/se\/366371\/","title":{"rendered":"M erbjuder C allt \u2013 Thand Ringqvist s\u00e4ger nej"},"content":{"rendered":"<p>Moderaterna erbjuder Centerpartiet att de ska f\u00e5 igenom alla de sex krav de st\u00e4llt p\u00e5 en socialdemokratiskt ledd regering om de byter sida. Det s\u00e4ger justitieminister Gunnar Str\u00f6mmer p\u00e5 en presstr\u00e4ff p\u00e5 fredagen.  <\/p>\n<p>Det handlar bland annat om minskade utsl\u00e4pp, l\u00e4gre skatter och satsningar p\u00e5 landsbygden. <\/p>\n<p>C-ledaren Elisabeth Thand Ringqvist avf\u00e4rdar inviten, och h\u00e4vdar att statsminister Ulf Kristersson vill att centern ska r\u00e4dda hans \u201dsjunkande skepp\u201d. <\/p>\n<p>\u2013 Det \u00e4r f\u00f6r sent. Han har valt Sverigedemokraterna och han f\u00e5r st\u00e5 f\u00f6r det, s\u00e4ger Elisabeth Thand Ringqvist.<\/p>\n<p>Omni \u00e4r politiskt obundna och oberoende. Vi str\u00e4var efter att ge fler perspektiv p\u00e5 nyheterna. Har du fr\u00e5gor eller synpunkter kring v\u00e5r rapportering? <a href=\"https:\/\/omni.se\/uppgifter-m-erbjuder-c-allt-thand-ringqvist-sager-nej\/a\/mailto:redaktion@omni.se\" class=\"ArticleActions-module-scss-module__w9u9BG__contactLink\" rel=\"nofollow noopener\" target=\"_blank\">Kontakta redaktionen<\/a><\/p>\n","protected":false},"excerpt":{"rendered":"Moderaterna erbjuder Centerpartiet att de ska f\u00e5 igenom alla de sex krav de st\u00e4llt p\u00e5 en socialdemokratiskt ledd&hellip;\n","protected":false},"author":2,"featured_media":366372,"comment_status":"","ping_status":"","sticky":false,"template":"","format":"standard","meta":{"footnotes":"","_share_on_mastodon":"0"},"categories":[5],"tags":[22,23,1983,6463,26,27,2613,17,21,24,25,28,29,551,15,16,369,18,34,1557,31,33,617,32,30,19,20,1111,3416],"class_list":["post-366371","post","type-post","status-publish","format-standard","has-post-thumbnail","category-rubriker","tag-breaking-news","tag-breakingnews","tag-centerpartiet","tag-elisabeth-thand-ringqvist","tag-featured-news","tag-featurednews","tag-gunnar-strommer","tag-headlines","tag-huvudnyheter","tag-latest-news","tag-latestnews","tag-main-news","tag-mainnews","tag-moderaterna","tag-news","tag-nyheter","tag-politik","tag-rubriker","tag-se","tag-socialdemokraterna","tag-svenska","tag-sverige","tag-sverigedemokraterna","tag-sweden","tag-swedish","tag-top-stories","tag-topstories","tag-ulf-kristersson","tag-valet-2026"],"share_on_mastodon":{"url":"https:\/\/pubeurope.com\/@se\/117213293936572996","error":""},"_links":{"self":[{"href":"https:\/\/www.europesays.com\/se\/wp-json\/wp\/v2\/posts\/366371","targetHints":{"allow":["GET"]}}],"collection":[{"href":"https:\/\/www.europesays.com\/se\/wp-json\/wp\/v2\/posts"}],"about":[{"href":"https:\/\/www.europesays.com\/se\/wp-json\/wp\/v2\/types\/post"}],"author":[{"embeddable":true,"href":"https:\/\/www.europesays.com\/se\/wp-json\/wp\/v2\/users\/2"}],"replies":[{"embeddable":true,"href":"https:\/\/www.europesays.com\/se\/wp-json\/wp\/v2\/comments?post=366371"}],"version-history":[{"count":0,"href":"https:\/\/www.europesays.com\/se\/wp-json\/wp\/v2\/posts\/366371\/revisions"}],"wp:featuredmedia":[{"embeddable":true,"href":"https:\/\/www.europesays.com\/se\/wp-json\/wp\/v2\/media\/366372"}],"wp:attachment":[{"href":"https:\/\/www.europesays.com\/se\/wp-json\/wp\/v2\/media?parent=366371"}],"wp:term":[{"taxonomy":"category","embeddable":true,"href":"https:\/\/www.europesays.com\/se\/wp-json\/wp\/v2\/categories?post=366371"},{"taxonomy":"post_tag","embeddable":true,"href":"https:\/\/www.europesays.com\/se\/wp-json\/wp\/v2\/tags?post=366371"}],"curies":[{"name":"wp","href":"https:\/\/api.w.org\/{rel}","templated":true}]}}