{"id":366381,"date":"2026-09-04T14:48:07","date_gmt":"2026-09-04T14:48:07","guid":{"rendered":"https:\/\/www.europesays.com\/se\/366381\/"},"modified":"2026-09-04T14:48:07","modified_gmt":"2026-09-04T14:48:07","slug":"misstankt-medhjalpare-till-fagerstadadet-spred-rasism-sveriges-radio","status":"publish","type":"post","link":"https:\/\/www.europesays.com\/se\/366381\/","title":{"rendered":"Misst\u00e4nkt medhj\u00e4lpare till Fagerstad\u00e5det spred rasism &#8211; Sveriges Radio"},"content":{"rendered":"<ol>\n<li><a href=\"https:\/\/news.google.com\/rss\/articles\/CBMilAFBVV95cUxQbVNmb0g0TlFXVlU0clBZdVc3cUJWZUplRkZWNWlyVmV4cHd5cnFtTzZHSzFUYVdnTEV3X2cyaTd0Y0dnNkM1N25wcHB6Rmh1bnRsZWVSTlloUDNWSjFlckU0RUs0WWlITmM2bHg5QVZDLThqQXhZTDJOSmUxSzhSMldpZ0pPSmQ2UmtCQzl0MGIzYVJ0?oc=5\" target=\"_blank\" rel=\"nofollow noopener\">Misst\u00e4nkt medhj\u00e4lpare till Fagerstad\u00e5det spred rasism<\/a>&nbsp;&nbsp;Sveriges Radio<\/li>\n<li><a href=\"https:\/\/news.google.com\/rss\/articles\/CBMiuwFBVV95cUxQSFVydmxIYm9XV3Z0Smg0Ti1OWFE1eWIxNEhVS3F5VVlZYlk2cDJPX2hHeGJaS1BXb01tNG9TMExuRzdaUi15c1pzSjJmZTNtaVBXYWpvOFByX21tRkV1czVwU21iLTY0VHEtbTY5TENDUXBQb2hfdUV3UE1VNFhzc2tYTHhkVGJqSWFWdXNFblJoUHZ0YjJtdXN1VXRiS01iNzFuaUtPbGV4bnM3UEhTc2tDUi1ZZDhQQnpZ?oc=5\" target=\"_blank\" rel=\"nofollow noopener\">Misst\u00e4nkte 16-\u00e5ringen spred rasism och kvinnohat innan skold\u00e5det i Fagersta<\/a>&nbsp;&nbsp;Aftonbladet<\/li>\n<li><a href=\"https:\/\/news.google.com\/rss\/articles\/CBMid0FVX3lxTE1yWjdjdWpLQllBbDhNbVFUWDNGOUloSDF4dTRJT2ZrZ1pUU3ZDWmVJdjluV3l2UlpoWUEzT0JhdGxacjB4b1FQR1pEamJVeURkNTM3NjZMZTBTY0Z0Y1YzN1dQREtpYkZHWFZjRmxpMi1EbmZiUGU0?oc=5\" target=\"_blank\" rel=\"nofollow noopener\">Chengdu Open (250)<\/a>&nbsp;&nbsp;tv4play.se<\/li>\n<li><a href=\"https:\/\/news.google.com\/rss\/articles\/CBMi2AFBVV95cUxNa3o2cXNTVTdERTJCa2RoeGZWOHJoeHFXQlE0MlpRZkdHNHExdGU1STh2ajBuWEYwQUMzOW1qNFVhaEpaZEk0OVp6d1NuMlE1dFRFSndoX0xiVXVuWDNwNW40V0gzcG1iSzc4NFBReGUyeGh2NkdTVVZjejFEMVR3eXdYREliLWdNajR5NUp4UlRSSkFsUnVDXzZtMTkxQ2JYaF9NbzBfMVJTX2ExdjZybXQxdXFUQVRtbmM5YnVtb0dlTDE5SWxDWnYzSFdISUJYdG1YZTRiaks?oc=5\" target=\"_blank\" rel=\"nofollow noopener\">Nya \u00f6vervakningskameror kan ha filmat attacken p\u00e5 Brinellskolan \u2013 Sv\u00e4rdattack p\u00e5 skola i Fagersta \u2013 f\u00f6lj senaste nytt<\/a>&nbsp;&nbsp;svt.se<\/li>\n<li><a href=\"https:\/\/news.google.com\/rss\/articles\/CBMibEFVX3lxTE5COG45Y3hfV0o3OE5XUkxQV1BFbnRmTW1qX3ZzZFNqemhKbkt0UFhfSEZDV0RLeExtTE9SUFVDLWdjR3FQTm8yMl80VnMyYzlVby1LSFpLS1hTUU9sZ3VDOENYSnlOajIxQjhLcw?oc=5\" target=\"_blank\" rel=\"nofollow noopener\">\u201dJag \u00e4r s\u00e5 innerligt stolt\u201d<\/a>&nbsp;&nbsp;Polistidningen<\/li>\n<\/ol>\n","protected":false},"excerpt":{"rendered":"Misst\u00e4nkt medhj\u00e4lpare till Fagerstad\u00e5det spred rasism&nbsp;&nbsp;Sveriges Radio Misst\u00e4nkte 16-\u00e5ringen spred rasism och kvinnohat innan skold\u00e5det i Fagersta&nbsp;&nbsp;Aftonbladet Chengdu&hellip;\n","protected":false},"author":2,"featured_media":366382,"comment_status":"","ping_status":"","sticky":false,"template":"","format":"standard","meta":{"footnotes":"","_share_on_mastodon":"0"},"categories":[5],"tags":[22,23,26,27,17,21,24,25,28,29,15,16,18,34,31,33,32,30,19,20],"class_list":["post-366381","post","type-post","status-publish","format-standard","has-post-thumbnail","category-rubriker","tag-breaking-news","tag-breakingnews","tag-featured-news","tag-featurednews","tag-headlines","tag-huvudnyheter","tag-latest-news","tag-latestnews","tag-main-news","tag-mainnews","tag-news","tag-nyheter","tag-rubriker","tag-se","tag-svenska","tag-sverige","tag-sweden","tag-swedish","tag-top-stories","tag-topstories"],"share_on_mastodon":{"url":"https:\/\/pubeurope.com\/@se\/117213325488062067","error":""},"_links":{"self":[{"href":"https:\/\/www.europesays.com\/se\/wp-json\/wp\/v2\/posts\/366381","targetHints":{"allow":["GET"]}}],"collection":[{"href":"https:\/\/www.europesays.com\/se\/wp-json\/wp\/v2\/posts"}],"about":[{"href":"https:\/\/www.europesays.com\/se\/wp-json\/wp\/v2\/types\/post"}],"author":[{"embeddable":true,"href":"https:\/\/www.europesays.com\/se\/wp-json\/wp\/v2\/users\/2"}],"replies":[{"embeddable":true,"href":"https:\/\/www.europesays.com\/se\/wp-json\/wp\/v2\/comments?post=366381"}],"version-history":[{"count":0,"href":"https:\/\/www.europesays.com\/se\/wp-json\/wp\/v2\/posts\/366381\/revisions"}],"wp:featuredmedia":[{"embeddable":true,"href":"https:\/\/www.europesays.com\/se\/wp-json\/wp\/v2\/media\/366382"}],"wp:attachment":[{"href":"https:\/\/www.europesays.com\/se\/wp-json\/wp\/v2\/media?parent=366381"}],"wp:term":[{"taxonomy":"category","embeddable":true,"href":"https:\/\/www.europesays.com\/se\/wp-json\/wp\/v2\/categories?post=366381"},{"taxonomy":"post_tag","embeddable":true,"href":"https:\/\/www.europesays.com\/se\/wp-json\/wp\/v2\/tags?post=366381"}],"curies":[{"name":"wp","href":"https:\/\/api.w.org\/{rel}","templated":true}]}}