{"id":366395,"date":"2026-09-04T14:56:13","date_gmt":"2026-09-04T14:56:13","guid":{"rendered":"https:\/\/www.europesays.com\/se\/366395\/"},"modified":"2026-09-04T14:56:13","modified_gmt":"2026-09-04T14:56:13","slug":"ivriga-att-tala-illa-om-svensk-ekonomi","status":"publish","type":"post","link":"https:\/\/www.europesays.com\/se\/366395\/","title":{"rendered":"\u201dIvriga att tala illa om svensk ekonomi\u201d"},"content":{"rendered":"<p>  <img alt=\"Liberalernas partiledare Simona Mohamsson (L) klipper itu en hundralapp, f\u00f6r att illustrera att hon vill ta bort marginalskatten, n\u00e4r hon anl\u00e4nder till Sveriges Radios slutdebatt med partiledarna p\u00e5 Kulturhuset Stadsteatern i Stockholm.\" class=\"_image_1jxax_84 layout-component layout-wide\" data-fullscreen- data-track-element-type=\"Article image fullscreen\" data-track-name=\"ImageFullscreen\" fetchpriority=\"high\" decoding=\"sync\" loading=\"eager\" height=\"5120\" itemprop=\"image\"  src=\"https:\/\/www.europesays.com\/se\/wp-content\/uploads\/2026\/09\/4c6db352-351d-3174-a712-7c421d061ec5.jpeg\"  style=\"object-position:0% 0%\" width=\"7680\"\/>Liberalernas partiledare Simona Mohamsson (L) klipper itu en hundralapp, f\u00f6r att illustrera att hon vill ta bort marginalskatten, n\u00e4r hon anl\u00e4nder till Sveriges Radios slutdebatt med partiledarna p\u00e5 Kulturhuset Stadsteatern i Stockholm.  Foto: Christine Olsson\/TVisa mer<\/p>\n<p class=\"_textTheme_zldsx_1 _lead_16k26_2 _lead_3ue4t_18 layout-component layout-normal layout-padded _lead_o6m9k_5 _leadTheme_1q6sv_1 body-large bold\">N\u00e4r partiledarna drabbar samman i Sveriges Radios partiledardebatt p\u00e5 fredagen anklagar M-ledaren Ulf Kristersson S-ledaren Magdalena Andersson f\u00f6r att svartm\u00e5la svensk ekonomi.<\/p>\n<p class=\"_textTheme_zldsx_1 _paragraph_16k26_4 _paragraph_3ue4t_27 layout-component layout-normal layout-padded body-medium\">\u2013 Socialdemokraterna \u00e4r s\u00e5 ivriga att tala illa om svensk ekonomi, s\u00e4ger Kristersson.<\/p>\n<p class=\"_textTheme_zldsx_1 _paragraph_16k26_4 _paragraph_3ue4t_27 layout-component layout-normal layout-padded body-medium\">Det sedan Andersson bland annat lyft det svenska underskottet och att arbetsl\u00f6sheten \u00f6kat under mandatperioden.<\/p>\n<p class=\"_textTheme_zldsx_1 _paragraph_16k26_4 _paragraph_3ue4t_27 layout-component layout-normal layout-padded body-medium\">\u2013 Vi beh\u00f6ver en ekonomi med tillv\u00e4xt, d\u00e4r jobben blir fel, inte f\u00e4rre, s\u00e4ger hon.<\/p>\n<p class=\"_textTheme_zldsx_1 _paragraph_16k26_4 _paragraph_3ue4t_27 layout-component layout-normal layout-padded body-medium\">SD-ledaren Jimmie \u00c5kesson s\u00e4ger att det \u00e4r Magdalena Anderssons roll som oppositionsledare \u201datt smutskasta svensk ekonomi\u201d.<\/p>\n<p class=\"_textTheme_zldsx_1 _paragraph_16k26_4 _paragraph_3ue4t_27 layout-component layout-normal layout-padded body-medium\">\u2013 Men hon har fel, det ser mycket b\u00e4ttre ut \u00e4n hon beskriver det.<\/p>\n<p class=\"_textTheme_zldsx_1 _paragraph_16k26_4 _paragraph_3ue4t_27 layout-component layout-normal layout-padded body-medium\">\u2013 M\u00e5nga har f\u00e5tt det bra, m\u00e5nga har f\u00e5tt det b\u00e4ttre givet det l\u00e4ge vi tog \u00f6ver p\u00e5, s\u00e4ger han.<\/p>\n<p class=\"_textTheme_zldsx_1 _paragraph_16k26_4 _paragraph_3ue4t_27 layout-component layout-normal layout-padded body-medium\">V\u00e4nsterpartiets Nooshi Dadgostar tar upp Finanspolitiska r\u00e5dets s\u00e5gning av regeringens finanspolitik fr\u00e5n i v\u00e5ras.<\/p>\n<p class=\"_textTheme_zldsx_1 _paragraph_16k26_4 _paragraph_3ue4t_27 layout-component layout-normal layout-padded body-medium\">\u2013 Aldrig n\u00e5gonsin har en regering f\u00e5tt s\u00e5 svidande kritik som Finanspolitiska r\u00e5det ger den h\u00e4r regeringen, s\u00e4ger hon.<\/p>\n<p class=\"_textTheme_zldsx_1 _paragraph_16k26_4 _paragraph_3ue4t_27 layout-component layout-normal layout-padded body-medium\">KD-ledaren Ebba Busch s\u00e4ger \u00e5 sin sida att de r\u00f6dgr\u00f6na har en \u201dThomas Di Leva-doktrin\u201d.<\/p>\n<p class=\"_textTheme_zldsx_1 _paragraph_16k26_4 _paragraph_3ue4t_27 layout-component layout-normal layout-padded body-medium\">\u2013 Vem ska jag tro p\u00e5, s\u00e4ger hon.<\/p>\n<p class=\"_textTheme_zldsx_1 _paragraph_16k26_4 _paragraph_3ue4t_27 layout-component layout-normal layout-padded body-medium\">Busch v\u00e4nder sig specifikt till personer som sitter och lyssnar p\u00e5 debatten i bilen.<\/p>\n<p class=\"_textTheme_zldsx_1 _paragraph_16k26_4 _paragraph_3ue4t_27 layout-component layout-normal layout-padded body-medium\">\u2013 D\u00e5 tycker jag man ska t\u00e4nka, \u00e4r det billigare att tanka nu med Ulf Kristersson som statsminister?<\/p>\n","protected":false},"excerpt":{"rendered":"Liberalernas partiledare Simona Mohamsson (L) klipper itu en hundralapp, f\u00f6r att illustrera att hon vill ta bort marginalskatten,&hellip;\n","protected":false},"author":2,"featured_media":366396,"comment_status":"","ping_status":"","sticky":false,"template":"","format":"standard","meta":{"footnotes":"","_share_on_mastodon":"0"},"categories":[5],"tags":[22,23,26,27,16352,17,21,24,25,639,28,29,15,16,18,34,31,33,32,30,19,20],"class_list":["post-366395","post","type-post","status-publish","format-standard","has-post-thumbnail","category-rubriker","tag-breaking-news","tag-breakingnews","tag-featured-news","tag-featurednews","tag-finanspolitiska-radet","tag-headlines","tag-huvudnyheter","tag-latest-news","tag-latestnews","tag-liberalerna","tag-main-news","tag-mainnews","tag-news","tag-nyheter","tag-rubriker","tag-se","tag-svenska","tag-sverige","tag-sweden","tag-swedish","tag-top-stories","tag-topstories"],"share_on_mastodon":{"url":"https:\/\/pubeurope.com\/@se\/117213356861645786","error":""},"_links":{"self":[{"href":"https:\/\/www.europesays.com\/se\/wp-json\/wp\/v2\/posts\/366395","targetHints":{"allow":["GET"]}}],"collection":[{"href":"https:\/\/www.europesays.com\/se\/wp-json\/wp\/v2\/posts"}],"about":[{"href":"https:\/\/www.europesays.com\/se\/wp-json\/wp\/v2\/types\/post"}],"author":[{"embeddable":true,"href":"https:\/\/www.europesays.com\/se\/wp-json\/wp\/v2\/users\/2"}],"replies":[{"embeddable":true,"href":"https:\/\/www.europesays.com\/se\/wp-json\/wp\/v2\/comments?post=366395"}],"version-history":[{"count":0,"href":"https:\/\/www.europesays.com\/se\/wp-json\/wp\/v2\/posts\/366395\/revisions"}],"wp:featuredmedia":[{"embeddable":true,"href":"https:\/\/www.europesays.com\/se\/wp-json\/wp\/v2\/media\/366396"}],"wp:attachment":[{"href":"https:\/\/www.europesays.com\/se\/wp-json\/wp\/v2\/media?parent=366395"}],"wp:term":[{"taxonomy":"category","embeddable":true,"href":"https:\/\/www.europesays.com\/se\/wp-json\/wp\/v2\/categories?post=366395"},{"taxonomy":"post_tag","embeddable":true,"href":"https:\/\/www.europesays.com\/se\/wp-json\/wp\/v2\/tags?post=366395"}],"curies":[{"name":"wp","href":"https:\/\/api.w.org\/{rel}","templated":true}]}}