{"id":366407,"date":"2026-09-04T15:05:28","date_gmt":"2026-09-04T15:05:28","guid":{"rendered":"https:\/\/www.europesays.com\/se\/366407\/"},"modified":"2026-09-04T15:05:28","modified_gmt":"2026-09-04T15:05:28","slug":"andersson-svensk-valfard-kan-inte-vara-en-bankomat","status":"publish","type":"post","link":"https:\/\/www.europesays.com\/se\/366407\/","title":{"rendered":"Andersson: Svensk v\u00e4lf\u00e4rd kan inte vara en bankomat"},"content":{"rendered":"<p>Socialdemokraterna vill se ett stopp f\u00f6r vinster i v\u00e4lf\u00e4rden, betonade partiledaren Magdalena Andersson i en diskussion om svensk ekonomi i partiledardebatten i SR p\u00e5 fredagen.<\/p>\n<p>\u2013 Svensk v\u00e4lf\u00e4rd kan inte vara en bankomat f\u00f6r g\u00e4ngkriminella eller v\u00e4lf\u00e4rdskapitalister, sa Andersson.<\/p>\n<p>Fr\u00e5n Tid\u00f6partierna var samtidigt budskapet att det mesta har blivit b\u00e4ttre under deras tid vid makten och att S-ledaren svartm\u00e5lar verkligheten. <\/p>\n<p>\u2013 Hon har fel, det ser mycket b\u00e4ttre ut \u00e4n hon beskriver det, sa Jimmie \u00c5kesson (SD) bland annat. <\/p>\n<p>Just nu uppl\u00e5st f\u00f6r alla<\/p>\n<p>September \u00e4r kommen och valr\u00f6relsen g\u00e5r in i sitt absolut slutskede. H\u00e4r \u00e4r allt du beh\u00f6ver veta om valspurten.<\/p>\n<p>L\u00e4s vidare med Omni Mer<\/p>\n<p>Omni \u00e4r politiskt obundna och oberoende. Vi str\u00e4var efter att ge fler perspektiv p\u00e5 nyheterna. Har du fr\u00e5gor eller synpunkter kring v\u00e5r rapportering? <a href=\"https:\/\/omni.se\/andersson-svensk-valfard-kan-inte-vara-en-bankomat\/a\/mailto:redaktion@omni.se\" class=\"ArticleActions-module-scss-module__w9u9BG__contactLink\" rel=\"nofollow noopener\" target=\"_blank\">Kontakta redaktionen<\/a><\/p>\n","protected":false},"excerpt":{"rendered":"Socialdemokraterna vill se ett stopp f\u00f6r vinster i v\u00e4lf\u00e4rden, betonade partiledaren Magdalena Andersson i en diskussion om svensk&hellip;\n","protected":false},"author":2,"featured_media":366408,"comment_status":"","ping_status":"","sticky":false,"template":"","format":"standard","meta":{"footnotes":"","_share_on_mastodon":"0"},"categories":[5],"tags":[22,23,26,27,17,21,1562,24,25,2186,28,29,15,16,369,18,34,1557,31,33,32,30,19,20,3416],"class_list":["post-366407","post","type-post","status-publish","format-standard","has-post-thumbnail","category-rubriker","tag-breaking-news","tag-breakingnews","tag-featured-news","tag-featurednews","tag-headlines","tag-huvudnyheter","tag-jimmie-akesson","tag-latest-news","tag-latestnews","tag-magdalena-andersson","tag-main-news","tag-mainnews","tag-news","tag-nyheter","tag-politik","tag-rubriker","tag-se","tag-socialdemokraterna","tag-svenska","tag-sverige","tag-sweden","tag-swedish","tag-top-stories","tag-topstories","tag-valet-2026"],"share_on_mastodon":{"url":"https:\/\/pubeurope.com\/@se\/117213392133848628","error":""},"_links":{"self":[{"href":"https:\/\/www.europesays.com\/se\/wp-json\/wp\/v2\/posts\/366407","targetHints":{"allow":["GET"]}}],"collection":[{"href":"https:\/\/www.europesays.com\/se\/wp-json\/wp\/v2\/posts"}],"about":[{"href":"https:\/\/www.europesays.com\/se\/wp-json\/wp\/v2\/types\/post"}],"author":[{"embeddable":true,"href":"https:\/\/www.europesays.com\/se\/wp-json\/wp\/v2\/users\/2"}],"replies":[{"embeddable":true,"href":"https:\/\/www.europesays.com\/se\/wp-json\/wp\/v2\/comments?post=366407"}],"version-history":[{"count":0,"href":"https:\/\/www.europesays.com\/se\/wp-json\/wp\/v2\/posts\/366407\/revisions"}],"wp:featuredmedia":[{"embeddable":true,"href":"https:\/\/www.europesays.com\/se\/wp-json\/wp\/v2\/media\/366408"}],"wp:attachment":[{"href":"https:\/\/www.europesays.com\/se\/wp-json\/wp\/v2\/media?parent=366407"}],"wp:term":[{"taxonomy":"category","embeddable":true,"href":"https:\/\/www.europesays.com\/se\/wp-json\/wp\/v2\/categories?post=366407"},{"taxonomy":"post_tag","embeddable":true,"href":"https:\/\/www.europesays.com\/se\/wp-json\/wp\/v2\/tags?post=366407"}],"curies":[{"name":"wp","href":"https:\/\/api.w.org\/{rel}","templated":true}]}}