{"id":366415,"date":"2026-09-04T15:15:43","date_gmt":"2026-09-04T15:15:43","guid":{"rendered":"https:\/\/www.europesays.com\/se\/366415\/"},"modified":"2026-09-04T15:15:43","modified_gmt":"2026-09-04T15:15:43","slug":"ukraina-fortsatt-ukrainsk-offensiv-norr-om-kupijansk-rysk-spaningsdronare-patraffad-i-finland-ryskt-luftvarn-och-oljedepaer-bombade-i-sotji-cornucopia-se","status":"publish","type":"post","link":"https:\/\/www.europesays.com\/se\/366415\/","title":{"rendered":"Ukraina: Fortsatt ukrainsk offensiv norr om Kupijansk \u2013 rysk spaningsdr\u00f6nare p\u00e5tr\u00e4ffad i Finland \u2013 ryskt luftv\u00e4rn och oljedep\u00e5er bombade i Sotji &#8211; cornucopia.se"},"content":{"rendered":"<ol>\n<li><a href=\"https:\/\/news.google.com\/rss\/articles\/CBMi_wFBVV95cUxPdHlJS3NQN2JDWllhY1kyNUdOZmZuNnRpRzczSmx3Xy1pRWNDX3Y1eDVqR3llVjlQcmVOOGdPY3hQWHhpbkpoVzhBWDRlcGRyVWdVUjVuZzlWc3lCc0Nwbl80cHA0R2hWRkdwRkpHM1ducVNaX2dxaEYyNzh2MU1FY2xmNi1Wa3QzMTR1UnFFUDUtb243M003cmZkQmNEUmpCeWlwc2JRU1N6VnpaYXI2S1JBZW9xREhyWjBHMXhZZExGWE5pQlc1c1lYOHdBbWQteldDd3Y4NFpSMFZRZXpMR01MbmxiWFcxenRWNHBwRVBtMWZDN3hockZ1Wk5ySXM?oc=5\" target=\"_blank\" rel=\"nofollow noopener\">Ukraina: Fortsatt ukrainsk offensiv norr om Kupijansk \u2013 rysk spaningsdr\u00f6nare p\u00e5tr\u00e4ffad i Finland \u2013 ryskt luftv\u00e4rn och oljedep\u00e5er bombade i Sotji<\/a>&nbsp;&nbsp;cornucopia.se<\/li>\n<li><a href=\"https:\/\/news.google.com\/rss\/articles\/CBMipgFBVV95cUxOYU9fVUxZZTItYlhvSkI5ZG54NklzRXVieHoxZmhaT2JVdDdHUm1EeS0yU3BoR2tZVjJPbTZvc0FoT05GSGJReTdqWUNrOXpZSWR1cW9lem94d1VZMzdPeWhUNGxHTEl1T3BpdHN4QnNjOGFTcFlRVWE0TWdEMTRqNWVKTTRWM3Y5cFRlRUlBSThEcm5OZjNxelVtdjhhWFIySTk2ZjdR?oc=5\" target=\"_blank\" rel=\"nofollow noopener\">Sover i tunnlarna: \u201dSn\u00e4lla, be svenskarna vara f\u00f6rsiktiga\u201d<\/a>&nbsp;&nbsp;Aftonbladet<\/li>\n<li><a href=\"https:\/\/news.google.com\/rss\/articles\/CBMiigFBVV95cUxQb2NEMmFwQndMNmNXXzVLMm02OS03elBHWFNFNkNfOG4xbERtam02TXVuVmZGbWZOUjFXZWlOUVh2NWd2MWhiWTBYUjZjWVNIc0ItazJwYnk4ajZyallPVk1jVTVJSG5mMFF0SnFtM3pSVFZBV3VLTDdGLWtRZEJ4MlZ3UDdsdzJvQUE?oc=5\" target=\"_blank\" rel=\"nofollow noopener\">Zelenskyj: Rysk attack mot Ukrainas s\u00e4kerhetstj\u00e4nst<\/a>&nbsp;&nbsp;Aftonbladet<\/li>\n<li><a href=\"https:\/\/news.google.com\/rss\/articles\/CBMiuAFBVV95cUxNY3lqa28yNkc5RmRJZE03TE9RWFhzLWMwTUM5MjgyTklKRjVkOV9wTzNsVGItc0RPQWtLZmltVFBINXFpZzU5RzFkc1p5UGtreEp2R1ZBT05Nc1lscU9pQ0d3QmJ0dFl1TnBUWk1PeFY1QktHS0JtWS1TbjhhclB2QzM1TXJob3ZwaWZnWDljVGVXRkVYeFhjaXphYlRwTVpnM3QwV0lDNzRJOHo2ZnhTVGNiRlcycV95?oc=5\" target=\"_blank\" rel=\"nofollow noopener\">D\u00f6dliga anfall mot Ukraina \u2013 spionkontor tr\u00e4ffat<\/a>&nbsp;&nbsp;gp.se<\/li>\n<li><a href=\"https:\/\/news.google.com\/rss\/articles\/CBMijAFBVV95cUxNbzVDR2Rvb2JLNGM2QngxQVFoS3IxVzctVk5GTnF0ZHFmbVhOWjliRzk2QWdNbGlqNzhTcmRTUDhYV19vTWRPMlFQcDNaQXZrbnlPeUJ2NkQxV3BFcWNURmlmM2JrakNMRFV1R2FlRDhjaDBDdHMwMzJWZjhqbkVUbUU5OHlLcWJlakU0OQ?oc=5\" target=\"_blank\" rel=\"nofollow noopener\">Milit\u00e4rexpert: Ryssland \u00e4r inne i eskaleringsfas<\/a>&nbsp;&nbsp;Sveriges Radio<\/li>\n<\/ol>\n","protected":false},"excerpt":{"rendered":"Ukraina: Fortsatt ukrainsk offensiv norr om Kupijansk \u2013 rysk spaningsdr\u00f6nare p\u00e5tr\u00e4ffad i Finland \u2013 ryskt luftv\u00e4rn och oljedep\u00e5er&hellip;\n","protected":false},"author":2,"featured_media":366416,"comment_status":"","ping_status":"","sticky":false,"template":"","format":"standard","meta":{"footnotes":"","_share_on_mastodon":"0"},"categories":[5],"tags":[22,23,26,27,17,21,24,25,28,29,15,16,18,34,31,33,32,30,19,20],"class_list":["post-366415","post","type-post","status-publish","format-standard","has-post-thumbnail","category-rubriker","tag-breaking-news","tag-breakingnews","tag-featured-news","tag-featurednews","tag-headlines","tag-huvudnyheter","tag-latest-news","tag-latestnews","tag-main-news","tag-mainnews","tag-news","tag-nyheter","tag-rubriker","tag-se","tag-svenska","tag-sverige","tag-sweden","tag-swedish","tag-top-stories","tag-topstories"],"share_on_mastodon":{"url":"https:\/\/pubeurope.com\/@se\/117213431618154284","error":""},"_links":{"self":[{"href":"https:\/\/www.europesays.com\/se\/wp-json\/wp\/v2\/posts\/366415","targetHints":{"allow":["GET"]}}],"collection":[{"href":"https:\/\/www.europesays.com\/se\/wp-json\/wp\/v2\/posts"}],"about":[{"href":"https:\/\/www.europesays.com\/se\/wp-json\/wp\/v2\/types\/post"}],"author":[{"embeddable":true,"href":"https:\/\/www.europesays.com\/se\/wp-json\/wp\/v2\/users\/2"}],"replies":[{"embeddable":true,"href":"https:\/\/www.europesays.com\/se\/wp-json\/wp\/v2\/comments?post=366415"}],"version-history":[{"count":0,"href":"https:\/\/www.europesays.com\/se\/wp-json\/wp\/v2\/posts\/366415\/revisions"}],"wp:featuredmedia":[{"embeddable":true,"href":"https:\/\/www.europesays.com\/se\/wp-json\/wp\/v2\/media\/366416"}],"wp:attachment":[{"href":"https:\/\/www.europesays.com\/se\/wp-json\/wp\/v2\/media?parent=366415"}],"wp:term":[{"taxonomy":"category","embeddable":true,"href":"https:\/\/www.europesays.com\/se\/wp-json\/wp\/v2\/categories?post=366415"},{"taxonomy":"post_tag","embeddable":true,"href":"https:\/\/www.europesays.com\/se\/wp-json\/wp\/v2\/tags?post=366415"}],"curies":[{"name":"wp","href":"https:\/\/api.w.org\/{rel}","templated":true}]}}