{"id":366425,"date":"2026-09-04T15:23:42","date_gmt":"2026-09-04T15:23:42","guid":{"rendered":"https:\/\/www.europesays.com\/se\/366425\/"},"modified":"2026-09-04T15:23:42","modified_gmt":"2026-09-04T15:23:42","slug":"hacken-slipper-schroder-i-champions-league","status":"publish","type":"post","link":"https:\/\/www.europesays.com\/se\/366425\/","title":{"rendered":"H\u00e4cken slipper Schr\u00f6der i Champions League"},"content":{"rendered":"<p>   <img alt=\"Real Madrid-anfallaren Felicia Schr\u00f6der, h\u00e4r i H\u00e4ckentr\u00f6jan, beh\u00f6ver inte g\u00f6ra m\u00e5l p\u00e5 sin tidigare klubb i Champions Leagues ligafas.\" class=\"_image_1jxax_84 layout-component layout-wide\" data-fullscreen- data-track-element-type=\"Article image fullscreen\" data-track-name=\"ImageFullscreen\" fetchpriority=\"high\" decoding=\"sync\" loading=\"eager\" height=\"4645\" itemprop=\"image\"  src=\"https:\/\/www.europesays.com\/se\/wp-content\/uploads\/2026\/09\/e55e2f61-4e0d-3ab8-9638-e4e97c81569b.jpeg\"  style=\"object-position:0% 0%\" width=\"6000\"\/>Real Madrid-anfallaren Felicia Schr\u00f6der, h\u00e4r i H\u00e4ckentr\u00f6jan, beh\u00f6ver inte g\u00f6ra m\u00e5l p\u00e5 sin tidigare klubb i Champions Leagues ligafas.  Foto: Johan Nilsson\/TTVisa mer<\/p>\n<p class=\"_textTheme_4io5p_1 _lead_16k26_2 _lead_3ue4t_18 layout-component layout-normal layout-padded _lead_o6m9k_5 _leadTheme_cypwp_1 body-large bold\">Det blir inget \u00e5terseende p\u00e5 fotbollsplanen f\u00f6r Felicia Schr\u00f6der och H\u00e4cken i h\u00f6st.<\/p>\n<p class=\"_textTheme_4io5p_1 _lead_16k26_2 _lead_3ue4t_18 layout-component layout-normal layout-padded _lead_o6m9k_5 _leadTheme_cypwp_1 body-large bold\">De svenska m\u00e4starna slapp Real Madrid i ligafasen av Champions League \u2013 men fick \u00e4nd\u00e5 en tuff lottning.<\/p>\n<p class=\"_textTheme_4io5p_1 _lead_16k26_2 _lead_3ue4t_18 layout-component layout-normal layout-padded _lead_o6m9k_5 _leadTheme_cypwp_1 body-large bold\">\u201dVi har visat att vi kan konkurrera \u00e4ven med topplagen\u201d, s\u00e4ger H\u00e4ckentr\u00e4naren Elena Sadiku.<\/p>\n<p class=\"_textTheme_4io5p_1 _paragraph_16k26_4 _paragraph_3ue4t_27 layout-component layout-normal layout-padded body-medium\">H\u00e4ckens tidigare anfallsstj\u00e4rna Felicia Schr\u00f6der har fortsatt att \u00f6sa in m\u00e5l i sin nya klubb Real Madrid. Men hon kommer inte att utg\u00f6ra n\u00e5got hot f\u00f6r sin f\u00f6rra klubb i Champions Leagues ligafas.<\/p>\n<p class=\"_textTheme_4io5p_1 _paragraph_16k26_4 _paragraph_3ue4t_27 layout-component layout-normal layout-padded body-medium\">F\u00f6r H\u00e4cken blir det i st\u00e4llet Lyon, Chelsea, Juventus, Paris FC, Manchester City och Inter som utg\u00f6r de sex motst\u00e5ndarna under h\u00f6sten.<\/p>\n<p> Lyon p\u00e5 bortaplan <\/p>\n<p class=\"_textTheme_4io5p_1 _paragraph_16k26_4 _paragraph_3ue4t_27 layout-component layout-normal layout-padded body-medium\">\u201dDet \u00e4r en ganska tuff lottning men vi g\u00e5r in med inst\u00e4llningen att ta oss vidare, vilket s\u00e5klart kommer att kr\u00e4va topprestationer av samtliga\u201d, s\u00e4ger H\u00e4ckens lagkapten Anna Anveg\u00e5rd till klubbens hemsida.<\/p>\n<p class=\"_textTheme_4io5p_1 _paragraph_16k26_4 _paragraph_3ue4t_27 layout-component layout-normal layout-padded body-medium\">Det p\u00e5 papperet tuffaste uppdraget blir fjol\u00e5rsfinalisten och mesta m\u00e4staren Lyon p\u00e5 bortaplan i Frankrike. Hemmamatcherna mot Manchester City, som vann Super League i fjol, och Nathalie Bj\u00f6rns Chelsea blir ocks\u00e5 n\u00e5got att bita i.<\/p>\n<p class=\"_textTheme_4io5p_1 _paragraph_16k26_4 _paragraph_3ue4t_27 layout-component layout-normal layout-padded body-medium\">H\u00e4ckens tr\u00e4nare Elena Sadiku tror dock p\u00e5 sitt lag:<\/p>\n<p class=\"_textTheme_4io5p_1 _paragraph_16k26_4 _paragraph_3ue4t_27 layout-component layout-normal layout-padded body-medium\">\u201dJag tror att vi har stora m\u00f6jligheter till avancemang om vi vinner tre av matcherna. Vi som lag har visat att vi kan konkurrera \u00e4ven med topplagen och f\u00f6rhoppningsvis kan vi visa det \u00e5terigen\u201d, s\u00e4ger hon.<\/p>\n<p>  Fyra g\u00e5r direkt vidare <\/p>\n<p class=\"_textTheme_4io5p_1 _paragraph_16k26_4 _paragraph_3ue4t_27 layout-component layout-normal layout-padded body-medium\">Real Madrid, som \u00e4ven har Filippa Angeldahl och Bella Andersson i laget, lottades samtidigt mot Paris Saint-Germain, Bayern M\u00fcnchen, Paris FC, Roma, Inter och Manchester City.<\/p>\n<p class=\"_textTheme_4io5p_1 _paragraph_16k26_4 _paragraph_3ue4t_27 layout-component layout-normal layout-padded body-medium\">De fyra fr\u00e4msta av de 18 lagen i ligafasen g\u00e5r direkt till kvartsfinal. F\u00f6r lagen p\u00e5 plats 5\u201312 v\u00e4ntar playoff om de resterande fyra platserna. \u00d6vriga lag \u00e4r utslagna.<\/p>\n<p class=\"_textTheme_4io5p_1 _paragraph_16k26_4 _paragraph_3ue4t_27 layout-component layout-normal layout-padded body-medium\">Varken Hammarby eller Malm\u00f6 FF tog sig till Champions League, och f\u00e5r i st\u00e4llet fokusera p\u00e5 spel i Europa Cup.<\/p>\n<p class=\"_textTheme_4io5p_1 _paragraph_16k26_4 _paragraph_3ue4t_27 layout-component layout-normal layout-padded body-medium\">Hammarby, som i v\u00e5ras f\u00f6rlorade Europa Cup-finalen mot H\u00e4cken, st\u00e4lls mot skotska Rangers i den sista kvalomg\u00e5ngen medan MFF tar sig an S:t P\u00f6lten fr\u00e5n \u00d6sterrike. F\u00f6rsta matchen spelas den 23 september (Hammarby inleder hemma, Malm\u00f6 borta), med returer en vecka senare. Vinnarna i respektive dubbelm\u00f6te g\u00e5r till \u00e5ttondelsfinal.<\/p>\n","protected":false},"excerpt":{"rendered":"Real Madrid-anfallaren Felicia Schr\u00f6der, h\u00e4r i H\u00e4ckentr\u00f6jan, beh\u00f6ver inte g\u00f6ra m\u00e5l p\u00e5 sin tidigare klubb i Champions Leagues&hellip;\n","protected":false},"author":2,"featured_media":366426,"comment_status":"","ping_status":"","sticky":false,"template":"","format":"standard","meta":{"footnotes":"","_share_on_mastodon":"0"},"categories":[5],"tags":[22,23,26,27,17,21,24,25,28,29,15,16,18,34,31,33,32,30,19,20],"class_list":["post-366425","post","type-post","status-publish","format-standard","has-post-thumbnail","category-rubriker","tag-breaking-news","tag-breakingnews","tag-featured-news","tag-featurednews","tag-headlines","tag-huvudnyheter","tag-latest-news","tag-latestnews","tag-main-news","tag-mainnews","tag-news","tag-nyheter","tag-rubriker","tag-se","tag-svenska","tag-sverige","tag-sweden","tag-swedish","tag-top-stories","tag-topstories"],"share_on_mastodon":{"url":"https:\/\/pubeurope.com\/@se\/117213463250904273","error":""},"_links":{"self":[{"href":"https:\/\/www.europesays.com\/se\/wp-json\/wp\/v2\/posts\/366425","targetHints":{"allow":["GET"]}}],"collection":[{"href":"https:\/\/www.europesays.com\/se\/wp-json\/wp\/v2\/posts"}],"about":[{"href":"https:\/\/www.europesays.com\/se\/wp-json\/wp\/v2\/types\/post"}],"author":[{"embeddable":true,"href":"https:\/\/www.europesays.com\/se\/wp-json\/wp\/v2\/users\/2"}],"replies":[{"embeddable":true,"href":"https:\/\/www.europesays.com\/se\/wp-json\/wp\/v2\/comments?post=366425"}],"version-history":[{"count":0,"href":"https:\/\/www.europesays.com\/se\/wp-json\/wp\/v2\/posts\/366425\/revisions"}],"wp:featuredmedia":[{"embeddable":true,"href":"https:\/\/www.europesays.com\/se\/wp-json\/wp\/v2\/media\/366426"}],"wp:attachment":[{"href":"https:\/\/www.europesays.com\/se\/wp-json\/wp\/v2\/media?parent=366425"}],"wp:term":[{"taxonomy":"category","embeddable":true,"href":"https:\/\/www.europesays.com\/se\/wp-json\/wp\/v2\/categories?post=366425"},{"taxonomy":"post_tag","embeddable":true,"href":"https:\/\/www.europesays.com\/se\/wp-json\/wp\/v2\/tags?post=366425"}],"curies":[{"name":"wp","href":"https:\/\/api.w.org\/{rel}","templated":true}]}}