{"id":366437,"date":"2026-09-04T15:31:35","date_gmt":"2026-09-04T15:31:35","guid":{"rendered":"https:\/\/www.europesays.com\/se\/366437\/"},"modified":"2026-09-04T15:31:35","modified_gmt":"2026-09-04T15:31:35","slug":"salde-otrohetssoffa-atalas-for-fortal-sverige","status":"publish","type":"post","link":"https:\/\/www.europesays.com\/se\/366437\/","title":{"rendered":"S\u00e5lde \u201dotrohetssoffa\u201d \u2013 \u00e5talas f\u00f6r f\u00f6rtal | Sverige"},"content":{"rendered":"<p>Publicerad 4 sep 2026 kl 08.13<\/p>\n<p>Han s\u00e5lde en \u201dotrohetssoffa\u201d \u2013 och annonsen blev viral p\u00e5 sociala medier. Men ex-partnern st\u00e4mde och nu \u00e5talas mannen f\u00f6r grovt f\u00f6rtal, rapporterar flera medier.<\/p>\n<p><img   alt=\"\"\/><\/p>\n<p>Soffan p\u00e5 bilden har inget med den p\u00e5st\u00e5dda otroheten att g\u00f6ra.<\/p>\n<p>Foto: AUCTIONET<\/p>\n<p>\u00d6ppna bild i helsk\u00e4rm<\/p>\n<p>I slutet av september f\u00f6rra \u00e5ret lade mannen ut annonsen ut p\u00e5 Blocket och den fick snabbt nationell spridning. Mannen, som bor i Sm\u00e5land, skrev att han hade kommit p\u00e5 sin partner med att vara otrogen p\u00e5 soffan och att den var \u201drengjord fr\u00e5n allt f\u00f6rutom d\u00e5liga minnen\u201d.<\/p>\n<p>Annonsen fick \u00f6ver 700 000 visningar och soffan s\u00e5ldes sedan f\u00f6r 10 000 kronor.<\/p>\n<p>Mannen beskrev tilltaget som att han gjorde \u201den rolig grej\u201d av n\u00e5got tr\u00e5kigt. Hans f\u00f6re detta partner h\u00f6ll inte med, utan st\u00e4mde mannen f\u00f6r grovt f\u00f6rtal. Nu \u00e5talas han allts\u00e5, skriver <a href=\"https:\/\/www.svt.se\/nyheter\/lokalt\/smaland\/salde-otrohetssoffa-pa-blocket-nu-atalas-han-for-grovt-fortal\" rel=\"nofollow noopener\" target=\"_blank\">SVT Nyheter<\/a>.<\/p>\n<p>Ex-partnern kr\u00e4ver 50 000 kronor i skadest\u00e5nd.<\/p>\n","protected":false},"excerpt":{"rendered":"Publicerad 4 sep 2026 kl 08.13 Han s\u00e5lde en \u201dotrohetssoffa\u201d \u2013 och annonsen blev viral p\u00e5 sociala medier.&hellip;\n","protected":false},"author":2,"featured_media":366438,"comment_status":"","ping_status":"","sticky":false,"template":"","format":"standard","meta":{"footnotes":"","_share_on_mastodon":"0"},"categories":[5],"tags":[22,23,26,27,17,21,24,25,28,29,15,16,18,34,31,33,32,30,19,20],"class_list":["post-366437","post","type-post","status-publish","format-standard","has-post-thumbnail","category-rubriker","tag-breaking-news","tag-breakingnews","tag-featured-news","tag-featurednews","tag-headlines","tag-huvudnyheter","tag-latest-news","tag-latestnews","tag-main-news","tag-mainnews","tag-news","tag-nyheter","tag-rubriker","tag-se","tag-svenska","tag-sverige","tag-sweden","tag-swedish","tag-top-stories","tag-topstories"],"share_on_mastodon":{"url":"https:\/\/pubeurope.com\/@se\/117213494415796599","error":""},"_links":{"self":[{"href":"https:\/\/www.europesays.com\/se\/wp-json\/wp\/v2\/posts\/366437","targetHints":{"allow":["GET"]}}],"collection":[{"href":"https:\/\/www.europesays.com\/se\/wp-json\/wp\/v2\/posts"}],"about":[{"href":"https:\/\/www.europesays.com\/se\/wp-json\/wp\/v2\/types\/post"}],"author":[{"embeddable":true,"href":"https:\/\/www.europesays.com\/se\/wp-json\/wp\/v2\/users\/2"}],"replies":[{"embeddable":true,"href":"https:\/\/www.europesays.com\/se\/wp-json\/wp\/v2\/comments?post=366437"}],"version-history":[{"count":0,"href":"https:\/\/www.europesays.com\/se\/wp-json\/wp\/v2\/posts\/366437\/revisions"}],"wp:featuredmedia":[{"embeddable":true,"href":"https:\/\/www.europesays.com\/se\/wp-json\/wp\/v2\/media\/366438"}],"wp:attachment":[{"href":"https:\/\/www.europesays.com\/se\/wp-json\/wp\/v2\/media?parent=366437"}],"wp:term":[{"taxonomy":"category","embeddable":true,"href":"https:\/\/www.europesays.com\/se\/wp-json\/wp\/v2\/categories?post=366437"},{"taxonomy":"post_tag","embeddable":true,"href":"https:\/\/www.europesays.com\/se\/wp-json\/wp\/v2\/tags?post=366437"}],"curies":[{"name":"wp","href":"https:\/\/api.w.org\/{rel}","templated":true}]}}