{"id":366447,"date":"2026-09-04T15:48:46","date_gmt":"2026-09-04T15:48:46","guid":{"rendered":"https:\/\/www.europesays.com\/se\/366447\/"},"modified":"2026-09-04T15:48:46","modified_gmt":"2026-09-04T15:48:46","slug":"akesson-tvarvander-rosta-pa-mohamsson","status":"publish","type":"post","link":"https:\/\/www.europesays.com\/se\/366447\/","title":{"rendered":"\u00c5kesson tv\u00e4rv\u00e4nder: \u201dR\u00f6sta p\u00e5 Mohamsson!\u201d"},"content":{"rendered":"<p>  <a class=\"_link_1lr5y_108\" href=\"https:\/\/aftonbladet.se\/av\/mariela-quintana-melin\" title=\"Mariela Quintana Melin\" rel=\"nofollow noopener\" target=\"_blank\"><img alt=\"Bild av Mariela Quintana Melin\" class=\"_image_1lr5y_85\" fetchpriority=\"low\" decoding=\"async\" itemprop=\"image\" loading=\"lazy\"  src=\"https:\/\/www.europesays.com\/se\/wp-content\/uploads\/2026\/09\/1788536925_993_45ab1c47-658b-4c7d-bfe6-463d085cb721.png\"  width=\"480\"\/><\/a> <\/p>\n<p class=\"_textTheme_4io5p_1 _lead_16k26_2 _lead_3ue4t_18 layout-component layout-normal layout-padded _lead_o6m9k_5 _leadTheme_cypwp_1 body-large bold\">Jimmie \u00c5kesson, SD, g\u00f6r en helomv\u00e4ndning i Ekots partiledardebatt om att st\u00f6dr\u00f6sta p\u00e5 Liberalerna<\/p>\n<p class=\"_textTheme_4io5p_1 _lead_16k26_2 _lead_3ue4t_18 layout-component layout-normal layout-padded _lead_o6m9k_5 _leadTheme_cypwp_1 body-large bold\">Klimatet har f\u00e5tt honom att \u00e4ndra sig.<\/p>\n<p class=\"_textTheme_4io5p_1 _lead_16k26_2 _lead_3ue4t_18 layout-component layout-normal layout-padded _lead_o6m9k_5 _leadTheme_cypwp_1 body-large bold\">\u2013 Tycker man genuint att klimatet \u00e4r en viktig fr\u00e5ga men man inte vill ha Nooshi Dadgostar eller Daniel Helld\u00e9n som ministrar, ja r\u00f6sta d\u00e5 p\u00e5 Simona.<\/p>\n<p class=\"_textTheme_4io5p_1 _paragraph_16k26_4 _paragraph_3ue4t_27 layout-component layout-normal layout-padded body-medium\">De senaste veckorna har budskapet fr\u00e5n SD-ledaren varit tydligt. Inga st\u00f6dr\u00f6ster till Liberalerna om de ligger f\u00f6r l\u00e5ngt under riksdagssp\u00e4rren i opinionsm\u00e4tningarna.<\/p>\n<p class=\"_textTheme_4io5p_1 _paragraph_16k26_4 _paragraph_3ue4t_27 layout-component layout-normal layout-padded body-medium\">Men under Ekots partiledardebatt f\u00e5r klimatfr\u00e5gan honom att ge nya besked.<\/p>\n<p class=\"_textTheme_4io5p_1 _paragraph_16k26_4 _paragraph_3ue4t_27 layout-component layout-normal layout-padded body-medium\">\u2013 \u00c4r man borgerligt sinnad och tycker att klimatpolitik \u00e4r det allra viktigaste och inte vill f\u00e5 en socialistisk finansminister eller statminister \u2013 d\u00e5 ska man r\u00f6sta p\u00e5 Liberalerna och Simona Mohamsson.<\/p>\n<p class=\"_textTheme_4io5p_1 _paragraph_16k26_4 _paragraph_3ue4t_27 layout-component layout-normal layout-padded body-medium\">\u2013 D\u00e4rf\u00f6r att hon har slagits och k\u00e4mpat f\u00f6r klimatsatsningar under den h\u00e4r mandatperioden. Jag har slagits emot, f\u00f6r vi har inte varit \u00f6verens, s\u00e4ger Jimmie \u00c5kesson.<\/p>\n<p> <img alt=\"Jimmie \u00c5kesson.\" class=\"_image_1jxax_84 layout-component layout-normal\" data-fullscreen- data-track-element-type=\"Article image fullscreen\" data-track-name=\"ImageFullscreen\" decoding=\"async\" loading=\"lazy\" height=\"2496\" itemprop=\"image\"  src=\"https:\/\/www.europesays.com\/se\/wp-content\/uploads\/2026\/09\/79f1f0cd-3cca-3468-85bc-d5d7c0a6780d.jpeg\"  style=\"object-position:0% 0%\" width=\"3744\"\/>Jimmie \u00c5kesson. Foto: ANDREAS BARDELL Visa mer <\/p>\n<p class=\"_textTheme_4io5p_1 _paragraph_16k26_4 _paragraph_3ue4t_27 layout-component layout-normal layout-padded body-medium\">Det fick b\u00e5de publik, programledare och partiledarkollegor att haja till.<\/p>\n<p class=\"_textTheme_4io5p_1 _paragraph_16k26_4 _paragraph_3ue4t_27 layout-component layout-normal layout-padded body-medium\"><strong class=\"_strong_16k26_20\">Inneb\u00e4r det att utsagorna om att man kanske ska r\u00f6sta p\u00e5 ett annat parti \u00e4r borta nu, undrade programledaren Johar Bendjelloul.<\/strong><\/p>\n<p class=\"_textTheme_4io5p_1 _paragraph_16k26_4 _paragraph_3ue4t_27 layout-component layout-normal layout-padded body-medium\">Innan Jimmie \u00c5kesson hinner f\u00f6rtydliga n\u00e5got hoppar KD-ledaren in.<\/p>\n<p class=\"_textTheme_4io5p_1 _paragraph_16k26_4 _paragraph_3ue4t_27 layout-component layout-normal layout-padded body-medium\">\u2013 Det var v\u00e4l j\u00e4ttetydligt, det \u00e4r supermysig st\u00e4mning h\u00e4r nu, utbrister Ebba Busch.<\/p>\n<p class=\"_textTheme_4io5p_1 _paragraph_16k26_4 _paragraph_3ue4t_27 layout-component layout-normal layout-padded body-medium\">Jimmie \u00c5kesson \u00e5terupprepar d\u00e5 sitt budskap.<\/p>\n<p class=\"_textTheme_4io5p_1 _paragraph_16k26_4 _paragraph_3ue4t_27 layout-component layout-normal layout-padded body-medium\">\u2013 Tycker man genuint att klimatet \u00e4r en viktig fr\u00e5ga, men inte vill ha Nooshi Dadgostar som finansminister eller Daniel Helld\u00e9n som energiminister, ja r\u00f6sta d\u00e5 p\u00e5 Simona f\u00f6r hon sk\u00f6ter det j\u00e4ttebra.<\/p>\n<p class=\"_textTheme_4io5p_1 _paragraph_16k26_4 _paragraph_3ue4t_27 layout-component layout-normal layout-padded body-medium\">\u2013 Det l\u00e5ter ju som att vi har p\u00e5b\u00f6rjat f\u00f6rhandlingarna att jag kan f\u00e5 en dubblad elbilspremie under n\u00e4sta mandatperiod, s\u00e4ger Simona Mohamsson, L, glatt.<\/p>\n<p> <img alt=\"Simona Mohamsson.\" class=\"_image_1jxax_84 layout-component layout-normal\" data-fullscreen- data-track-element-type=\"Article image fullscreen\" data-track-name=\"ImageFullscreen\" decoding=\"async\" loading=\"lazy\" height=\"2496\" itemprop=\"image\"  src=\"https:\/\/www.europesays.com\/se\/wp-content\/uploads\/2026\/09\/9eb572ca-3548-35f5-abc2-98378e21c733.jpeg\"  style=\"object-position:0% 0%\" width=\"3744\"\/>Simona Mohamsson. Foto: ANDREAS BARDELLVisa mer        <\/p>\n","protected":false},"excerpt":{"rendered":"Jimmie \u00c5kesson, SD, g\u00f6r en helomv\u00e4ndning i Ekots partiledardebatt om att st\u00f6dr\u00f6sta p\u00e5 Liberalerna Klimatet har f\u00e5tt honom&hellip;\n","protected":false},"author":2,"featured_media":366448,"comment_status":"","ping_status":"","sticky":false,"template":"","format":"standard","meta":{"footnotes":"","_share_on_mastodon":"0"},"categories":[5],"tags":[22,23,2184,26,27,17,21,1562,3389,24,25,28,29,15,2895,16,18,34,1980,31,33,32,30,19,20],"class_list":["post-366447","post","type-post","status-publish","format-standard","has-post-thumbnail","category-rubriker","tag-breaking-news","tag-breakingnews","tag-daniel-hellden","tag-featured-news","tag-featurednews","tag-headlines","tag-huvudnyheter","tag-jimmie-akesson","tag-klimatpolitik","tag-latest-news","tag-latestnews","tag-main-news","tag-mainnews","tag-news","tag-nooshi-dadgostar","tag-nyheter","tag-rubriker","tag-se","tag-simona-mohamsson","tag-svenska","tag-sverige","tag-sweden","tag-swedish","tag-top-stories","tag-topstories"],"share_on_mastodon":{"url":"https:\/\/pubeurope.com\/@se\/117213561784923914","error":""},"_links":{"self":[{"href":"https:\/\/www.europesays.com\/se\/wp-json\/wp\/v2\/posts\/366447","targetHints":{"allow":["GET"]}}],"collection":[{"href":"https:\/\/www.europesays.com\/se\/wp-json\/wp\/v2\/posts"}],"about":[{"href":"https:\/\/www.europesays.com\/se\/wp-json\/wp\/v2\/types\/post"}],"author":[{"embeddable":true,"href":"https:\/\/www.europesays.com\/se\/wp-json\/wp\/v2\/users\/2"}],"replies":[{"embeddable":true,"href":"https:\/\/www.europesays.com\/se\/wp-json\/wp\/v2\/comments?post=366447"}],"version-history":[{"count":0,"href":"https:\/\/www.europesays.com\/se\/wp-json\/wp\/v2\/posts\/366447\/revisions"}],"wp:featuredmedia":[{"embeddable":true,"href":"https:\/\/www.europesays.com\/se\/wp-json\/wp\/v2\/media\/366448"}],"wp:attachment":[{"href":"https:\/\/www.europesays.com\/se\/wp-json\/wp\/v2\/media?parent=366447"}],"wp:term":[{"taxonomy":"category","embeddable":true,"href":"https:\/\/www.europesays.com\/se\/wp-json\/wp\/v2\/categories?post=366447"},{"taxonomy":"post_tag","embeddable":true,"href":"https:\/\/www.europesays.com\/se\/wp-json\/wp\/v2\/tags?post=366447"}],"curies":[{"name":"wp","href":"https:\/\/api.w.org\/{rel}","templated":true}]}}