{"id":366457,"date":"2026-09-04T15:56:09","date_gmt":"2026-09-04T15:56:09","guid":{"rendered":"https:\/\/www.europesays.com\/se\/366457\/"},"modified":"2026-09-04T15:56:09","modified_gmt":"2026-09-04T15:56:09","slug":"volkswagen-rally-pa-avvaktande-europaborser-di-se","status":"publish","type":"post","link":"https:\/\/www.europesays.com\/se\/366457\/","title":{"rendered":"Volkswagen-rally p\u00e5 avvaktande Europab\u00f6rser &#8211; di.se"},"content":{"rendered":"<ol>\n<li><a href=\"https:\/\/news.google.com\/rss\/articles\/CBMidkFVX3lxTE5JZW9iUGc5Y2xwbHdpd0Q0aUVLQzJzdEVqM2tQdHFvQVh3SWhPSEVSamhpa0IxeHN6UzI0cFBJU21YNHJDOHMyRVhSTDQ4QUgta0RJdTUxTm9YalJnWU1CSHgyU01RVjZPeVNmMzBGWmgzLXZhc1E?oc=5\" target=\"_blank\" rel=\"nofollow noopener\">Volkswagen-rally p\u00e5 avvaktande Europab\u00f6rser<\/a>&nbsp;&nbsp;di.se<\/li>\n<li><a href=\"https:\/\/news.google.com\/rss\/articles\/CBMif0FVX3lxTE1tZHJUcUxSQUtIYTVqaWo0cndRS3hTeUZNMmVmTEpCcUJJemhJZm9HaTdjZlF6VExLejVOd29zUGk1YmtSZTg4Nnh5Q2NsbHpyWVBpWDNBaEhGRVFpMGNrSGxaRl9oN0E0RTUwSDMxNmFSeEJxaXY2RW9XdWZyM1U?oc=5\" target=\"_blank\" rel=\"nofollow noopener\">Bekr\u00e4ftat: Ytterligare 50 000 jobb bort p\u00e5 VW<\/a>&nbsp;&nbsp;Svenska Dagbladet<\/li>\n<li><a href=\"https:\/\/news.google.com\/rss\/articles\/CBMic0FVX3lxTE9OMkluM3ZzY05uVGhodXVBMFFJSzg1bUV0bk5QX1pVNEZfenFTSU0tZmFBMV9hN0szbExSVkZIZVp1alc5enNrU3BmVHcxbXVQb1pjdVNrd1lxNnVMbVI3OG1mTUl2bHpwMlhyWjUxaFFoMDA?oc=5\" target=\"_blank\" rel=\"nofollow noopener\">Pressade bilj\u00e4tten lyfter efter sparpaket<\/a>&nbsp;&nbsp;di.se<\/li>\n<li><a href=\"https:\/\/news.google.com\/rss\/articles\/CBMif0FVX3lxTFAxSW9ORHJCM3o3c0hiaHN5VFFhck9CclJISEJYQ3VXUXQ2TUc2VGJnUmFQR0hDcVVZQVBMeTRxQ1hCSmdKNlkwckdrTlhyTVEydHBPdGZfSmp2cS01SVQ3UlVWQXJrSkNpRjhfZDNfZ0QxaFROZUYwbkRQYXZpTEU?oc=5\" target=\"_blank\" rel=\"nofollow noopener\">Volkswagens aktie stiger efter enorma sparpaketet<\/a>&nbsp;&nbsp;Omni \u2013 Alla nyheter. Alla perspektiv.<\/li>\n<li><a href=\"https:\/\/news.google.com\/rss\/articles\/CBMi4AFBVV95cUxQNlE1SlpWdHJPUnBia0Fpa0NnWXBsWEtpM1N2NlpIVVU5MUw1VVNRSVlRQUVXeE5hNXlhcE5PSEhIMTROaGUtS1dhNXVtMi0xTVlXZTNvOU5pVWhaOHprbHUtdFV2dDhDN1Vqd3h6ZzVydWFUdDVIWEc5bW91Q1EtNWl5NEo5eVVVV2xuV29VX0E1OUFqeWItNzdfZU0zbmNlbzA2Yk9hRVh0Umh5SDNpY0VhOC1Ud2kzSnpWaVZYV0hpekRieEtfSUl0TnJrT2g2MUZ1enVjWlNHX0dTOHd4eA?oc=5\" target=\"_blank\" rel=\"nofollow noopener\">Styrelsen godk\u00e4nner Future Plan 2030: En stark signal f\u00f6r Volkswagen-koncernen<\/a>&nbsp;&nbsp;via.tt.se<\/li>\n<\/ol>\n","protected":false},"excerpt":{"rendered":"Volkswagen-rally p\u00e5 avvaktande Europab\u00f6rser&nbsp;&nbsp;di.se Bekr\u00e4ftat: Ytterligare 50 000 jobb bort p\u00e5 VW&nbsp;&nbsp;Svenska Dagbladet Pressade bilj\u00e4tten lyfter efter sparpaket&nbsp;&nbsp;di.se&hellip;\n","protected":false},"author":2,"featured_media":366458,"comment_status":"","ping_status":"","sticky":false,"template":"","format":"standard","meta":{"footnotes":"","_share_on_mastodon":"0"},"categories":[5],"tags":[22,23,26,27,17,21,24,25,28,29,15,16,18,34,31,33,32,30,19,20],"class_list":["post-366457","post","type-post","status-publish","format-standard","has-post-thumbnail","category-rubriker","tag-breaking-news","tag-breakingnews","tag-featured-news","tag-featurednews","tag-headlines","tag-huvudnyheter","tag-latest-news","tag-latestnews","tag-main-news","tag-mainnews","tag-news","tag-nyheter","tag-rubriker","tag-se","tag-svenska","tag-sverige","tag-sweden","tag-swedish","tag-top-stories","tag-topstories"],"share_on_mastodon":{"url":"https:\/\/pubeurope.com\/@se\/117213592434601325","error":""},"_links":{"self":[{"href":"https:\/\/www.europesays.com\/se\/wp-json\/wp\/v2\/posts\/366457","targetHints":{"allow":["GET"]}}],"collection":[{"href":"https:\/\/www.europesays.com\/se\/wp-json\/wp\/v2\/posts"}],"about":[{"href":"https:\/\/www.europesays.com\/se\/wp-json\/wp\/v2\/types\/post"}],"author":[{"embeddable":true,"href":"https:\/\/www.europesays.com\/se\/wp-json\/wp\/v2\/users\/2"}],"replies":[{"embeddable":true,"href":"https:\/\/www.europesays.com\/se\/wp-json\/wp\/v2\/comments?post=366457"}],"version-history":[{"count":0,"href":"https:\/\/www.europesays.com\/se\/wp-json\/wp\/v2\/posts\/366457\/revisions"}],"wp:featuredmedia":[{"embeddable":true,"href":"https:\/\/www.europesays.com\/se\/wp-json\/wp\/v2\/media\/366458"}],"wp:attachment":[{"href":"https:\/\/www.europesays.com\/se\/wp-json\/wp\/v2\/media?parent=366457"}],"wp:term":[{"taxonomy":"category","embeddable":true,"href":"https:\/\/www.europesays.com\/se\/wp-json\/wp\/v2\/categories?post=366457"},{"taxonomy":"post_tag","embeddable":true,"href":"https:\/\/www.europesays.com\/se\/wp-json\/wp\/v2\/tags?post=366457"}],"curies":[{"name":"wp","href":"https:\/\/api.w.org\/{rel}","templated":true}]}}