{"id":366711,"date":"2026-09-04T19:51:14","date_gmt":"2026-09-04T19:51:14","guid":{"rendered":"https:\/\/www.europesays.com\/se\/366711\/"},"modified":"2026-09-04T19:51:14","modified_gmt":"2026-09-04T19:51:14","slug":"ifk-goteborg-manniskor-med-fantastiska-cvn-har-sokt-allsvenskan","status":"publish","type":"post","link":"https:\/\/www.europesays.com\/se\/366711\/","title":{"rendered":"IFK G\u00f6teborg: \u201dM\u00e4nniskor med fantastiska cv:n har s\u00f6kt\u201d | Allsvenskan"},"content":{"rendered":"<p>Uppdaterad 4 sep 2026 kl 20.36Publicerad 4 sep 2026 kl 11.05<\/p>\n<p>PremiumIFK G\u00f6teborg ska anst\u00e4lla en ny fotbollschef efter Jesper Janssons avhopp.\u00a0<\/p>\n<p>Redan nu \u00e4r det bra fart i Nicklas Lauwells inkorg.\u00a0<\/p>\n<p>\u2013 M\u00e4nniskor med fantastiska cv:n har s\u00f6kt, s\u00e4ger klubbdirekt\u00f6ren, som ocks\u00e5 ryter ifr\u00e5n mot tv-experten Alexander Ax\u00e9n.\u00a0<\/p>\n<p><img   alt=\"\"\/> <\/p>\n<p>Foto: MATHIAS BERGELD \/ BILDBYR\u00c5N<\/p>\n<p>\u00d6ppna bild i helsk\u00e4rm<img loading=\"lazy\"   alt=\"\"\/> <\/p>\n<p>Foto: MICHAEL ERICHSEN \/ BILDBYR\u00c5N<\/p>\n<p>\u00d6ppna bild i helsk\u00e4rm<img loading=\"lazy\"   alt=\"\"\/>\u00d6ppna bild i helsk\u00e4rm<\/p>\n","protected":false},"excerpt":{"rendered":"Uppdaterad 4 sep 2026 kl 20.36Publicerad 4 sep 2026 kl 11.05 PremiumIFK G\u00f6teborg ska anst\u00e4lla en ny fotbollschef&hellip;\n","protected":false},"author":2,"featured_media":366712,"comment_status":"","ping_status":"","sticky":false,"template":"","format":"standard","meta":{"footnotes":"","_share_on_mastodon":"0"},"categories":[68],"tags":[159,138,1102,103,34,111,110,31,33,32,30],"class_list":["post-366711","post","type-post","status-publish","format-standard","has-post-thumbnail","category-sport","tag-allsvenskan","tag-fotboll","tag-ifk-goteborg","tag-premium","tag-se","tag-sport","tag-sports","tag-svenska","tag-sverige","tag-sweden","tag-swedish"],"share_on_mastodon":{"url":"https:\/\/pubeurope.com\/@se\/117214516817620310","error":""},"_links":{"self":[{"href":"https:\/\/www.europesays.com\/se\/wp-json\/wp\/v2\/posts\/366711","targetHints":{"allow":["GET"]}}],"collection":[{"href":"https:\/\/www.europesays.com\/se\/wp-json\/wp\/v2\/posts"}],"about":[{"href":"https:\/\/www.europesays.com\/se\/wp-json\/wp\/v2\/types\/post"}],"author":[{"embeddable":true,"href":"https:\/\/www.europesays.com\/se\/wp-json\/wp\/v2\/users\/2"}],"replies":[{"embeddable":true,"href":"https:\/\/www.europesays.com\/se\/wp-json\/wp\/v2\/comments?post=366711"}],"version-history":[{"count":0,"href":"https:\/\/www.europesays.com\/se\/wp-json\/wp\/v2\/posts\/366711\/revisions"}],"wp:featuredmedia":[{"embeddable":true,"href":"https:\/\/www.europesays.com\/se\/wp-json\/wp\/v2\/media\/366712"}],"wp:attachment":[{"href":"https:\/\/www.europesays.com\/se\/wp-json\/wp\/v2\/media?parent=366711"}],"wp:term":[{"taxonomy":"category","embeddable":true,"href":"https:\/\/www.europesays.com\/se\/wp-json\/wp\/v2\/categories?post=366711"},{"taxonomy":"post_tag","embeddable":true,"href":"https:\/\/www.europesays.com\/se\/wp-json\/wp\/v2\/tags?post=366711"}],"curies":[{"name":"wp","href":"https:\/\/api.w.org\/{rel}","templated":true}]}}