{"id":366729,"date":"2026-09-04T20:03:16","date_gmt":"2026-09-04T20:03:16","guid":{"rendered":"https:\/\/www.europesays.com\/se\/366729\/"},"modified":"2026-09-04T20:03:16","modified_gmt":"2026-09-04T20:03:16","slug":"trumps-sandebud-till-kiev-och-moskva-i-helgen","status":"publish","type":"post","link":"https:\/\/www.europesays.com\/se\/366729\/","title":{"rendered":"Trumps s\u00e4ndebud till Kiev och Moskva i helgen"},"content":{"rendered":"<p>Den amerikanske presidenten bekr\u00e4ftar under en presstr\u00e4ff i Vita huset uppgifterna fr\u00e5n Ukrainas Volodymyr Zelenskyj, som p\u00e5 Telegram tidigare p\u00e5 fredagen skrev:<\/p>\n<p>\u201dSteve Witkoff och Jared Kushner kommer att \u00e5ka till Moskva och p\u00e5 s\u00f6ndag bes\u00f6ker de Kiev&#8221;.<\/p>\n<p>Medlarresan aviserades av Ukraina p\u00e5 torsdagen och under fredagen kom samma uppgifter fr\u00e5n Ryssland. Och Trump s\u00e4ger att han \u00e4r optimistisk inf\u00f6r helgen.<\/p>\n","protected":false},"excerpt":{"rendered":"Den amerikanske presidenten bekr\u00e4ftar under en presstr\u00e4ff i Vita huset uppgifterna fr\u00e5n Ukrainas Volodymyr Zelenskyj, som p\u00e5 Telegram&hellip;\n","protected":false},"author":2,"featured_media":366730,"comment_status":"","ping_status":"","sticky":false,"template":"","format":"standard","meta":{"footnotes":"","_share_on_mastodon":"0"},"categories":[14],"tags":[22,23,26,27,17,21,24,25,28,29,15,16,18,34,31,33,32,30,19,20,51,52,53,54],"class_list":["post-366729","post","type-post","status-publish","format-standard","has-post-thumbnail","category-varlden","tag-breaking-news","tag-breakingnews","tag-featured-news","tag-featurednews","tag-headlines","tag-huvudnyheter","tag-latest-news","tag-latestnews","tag-main-news","tag-mainnews","tag-news","tag-nyheter","tag-rubriker","tag-se","tag-svenska","tag-sverige","tag-sweden","tag-swedish","tag-top-stories","tag-topstories","tag-varlden","tag-world","tag-world-news","tag-worldnews"],"share_on_mastodon":{"url":"https:\/\/pubeurope.com\/@se\/117214563727131205","error":""},"_links":{"self":[{"href":"https:\/\/www.europesays.com\/se\/wp-json\/wp\/v2\/posts\/366729","targetHints":{"allow":["GET"]}}],"collection":[{"href":"https:\/\/www.europesays.com\/se\/wp-json\/wp\/v2\/posts"}],"about":[{"href":"https:\/\/www.europesays.com\/se\/wp-json\/wp\/v2\/types\/post"}],"author":[{"embeddable":true,"href":"https:\/\/www.europesays.com\/se\/wp-json\/wp\/v2\/users\/2"}],"replies":[{"embeddable":true,"href":"https:\/\/www.europesays.com\/se\/wp-json\/wp\/v2\/comments?post=366729"}],"version-history":[{"count":0,"href":"https:\/\/www.europesays.com\/se\/wp-json\/wp\/v2\/posts\/366729\/revisions"}],"wp:featuredmedia":[{"embeddable":true,"href":"https:\/\/www.europesays.com\/se\/wp-json\/wp\/v2\/media\/366730"}],"wp:attachment":[{"href":"https:\/\/www.europesays.com\/se\/wp-json\/wp\/v2\/media?parent=366729"}],"wp:term":[{"taxonomy":"category","embeddable":true,"href":"https:\/\/www.europesays.com\/se\/wp-json\/wp\/v2\/categories?post=366729"},{"taxonomy":"post_tag","embeddable":true,"href":"https:\/\/www.europesays.com\/se\/wp-json\/wp\/v2\/tags?post=366729"}],"curies":[{"name":"wp","href":"https:\/\/api.w.org\/{rel}","templated":true}]}}