{"id":366735,"date":"2026-09-04T20:11:17","date_gmt":"2026-09-04T20:11:17","guid":{"rendered":"https:\/\/www.europesays.com\/se\/366735\/"},"modified":"2026-09-04T20:11:17","modified_gmt":"2026-09-04T20:11:17","slug":"trumps-plan-efter-kriget-med-iran","status":"publish","type":"post","link":"https:\/\/www.europesays.com\/se\/366735\/","title":{"rendered":"Trumps plan \u2013 efter kriget med Iran"},"content":{"rendered":"<p>Donald Trump \u00e4r mitt uppe i kriget med Iran.\u00a0<\/p>\n<p>Men han planerar redan f\u00f6r hur Mellan\u00f6stern ska se ut efter, uppger k\u00e4llor f\u00f6r <a href=\"https:\/\/www.axios.com\/2026\/09\/04\/trump-middle-east-iran-post-war-strategy\" rel=\"nofollow noopener\" target=\"_blank\">Axios<\/a>.\u00a0<\/p>\n<p>\u2013 Det \u00e4r fortfarande oklart om alla USA:s allierade i regionen kommer att st\u00e4lla sig bakom detta, s\u00e4ger en k\u00e4lla.<\/p>\n<p>Senaste nyhetsklippen fr\u00e5n Expressen.<img   alt=\"\"\/><\/p>\n<p>USA:s president Donald Trump.<\/p>\n<p>Foto: JACQUELYN MARTIN  \/AP\/TT \/ AP TT NYHETSBYR\u00c5N<\/p>\n<p>\u00d6ppna bild i helsk\u00e4rm<img loading=\"lazy\"   alt=\"\"\/><\/p>\n<p>Ett skadat hus i den iranska staden Kuhestak.<\/p>\n<p>Foto: AKHONDI\/MEI\/SIPA\/SHUTTERSTOCK \/ SHUTTERSTOCK EDITORIAL\/IBL<\/p>\n<p>\u00d6ppna bild i helsk\u00e4rmArtikeln i korthet<\/p>\n<p> Trump planerar en ny strategi f\u00f6r Mellan\u00f6stern efter kriget.<\/p>\n<p> M\u00e5let \u00e4r att begr\u00e4nsa Iran och st\u00e4rka Israels band till grannl\u00e4nderna.<\/p>\n<p> Planen omfattar nya allianser och fredsavtal.<\/p>\n<p>Visa mer<\/p>\n<p>I n\u00e4stan en m\u00e5nad var det lugnt i kriget mellan Iran och <a href=\"https:\/\/www.expressen.se\/tagg\/location\/usa\/\" class=\"\" rel=\"nofollow noopener\" target=\"_blank\">USA<\/a>. Men i veckan blossade det upp p\u00e5 nytt och b\u00e5da l\u00e4nder attackerade varandra.<\/p>\n<p>USA:s president Donald Trump har fortsatt med att hota om nya attacker. Men enligt <a href=\"https:\/\/www.axios.com\/2026\/09\/04\/trump-middle-east-iran-post-war-strategy\" rel=\"nofollow noopener\" target=\"_blank\">Axios<\/a> k\u00e4llor h\u00e5ller han ocks\u00e5 p\u00e5 att planera f\u00f6r krigets slut.<\/p>\n<p>K\u00e4llan: \u201dSkapa regional samsyn\u201d<\/p>\n<p>Trumpadministrationen jobbar just nu p\u00e5 en efterkrigsstrategi som framf\u00f6r allt siktar till att begr\u00e4nsa Iran och f\u00f6rb\u00e4ttra Israels relationer till sina grannl\u00e4nder. Det uppger fyra personer med k\u00e4nnedom om planerna f\u00f6r nyhetssajten.\u00a0<\/p>\n<p>Detaljerna \u00e4r fortfarande ok\u00e4nda och planen \u00e4r i ett tidigt skede.<\/p>\n<p>\u2013 Tanken \u00e4r att knyta samman en hel m\u00e4ngd saker i regionen, om hur man skapar en regional samsyn efter kriget. Det \u00e4r fortfarande oklart om alla USA:s allierade i regionen kommer att st\u00e4lla sig bakom detta, s\u00e4ger en k\u00e4lla.<\/p>\n<p>Tre punkter i planen<\/p>\n<p>Planen best\u00e5r i huvudsak av tre delar. F\u00f6r det f\u00f6rsta ska USA ta fram en allians med amerikansktillv\u00e4nda l\u00e4nder som tillsammans ska \u201dbegr\u00e4nsa Iran\u201d, med USA som garant.<\/p>\n<p>Den andra delen i planen \u00e4r att f\u00f6rs\u00f6ka n\u00e5 ett slut p\u00e5 de krig som uppst\u00e5tt efter Hamas terrorattack mot Israel den 7 oktober. Det genom att s\u00e4kra n\u00e4sta del i Trumps \u201dGazaplan\u201d, att Israel och Syrien ska n\u00e5 ett avtal och att Israel och Libanon ska sluta fred.\u00a0<\/p>\n<p>Slutligen ing\u00e5r det i planen att de s\u00e5 kallade Abrahamavtalen ska utvidgas och innefatta en \u201dnormalisering\u201d i konflikten mellan Saudiarabien och Israel.\u00a0<\/p>\n<p>Abrahamavtalen skrevs f\u00f6rst under 2020 av Israel och flera arabl\u00e4nder: Bahrain, F\u00f6renade arabemiraten, Marocko och Sudan. Det innebar f\u00f6rb\u00e4ttrade diplomatiska relationer dem emellan.<\/p>\n<p>Vad som kan s\u00e4tta k\u00e4ppar i hjulet f\u00f6r Trumps plan \u00e4r det israeliska parlamentsvalet som h\u00e5lls den 27 oktober. Trumpadministrationen hoppas p\u00e5 att n\u00e4sta regering \u00e4r villig, men Axios k\u00e4llor s\u00e4ger att Trump kommer driva p\u00e5 f\u00f6r sitt avtal \u00e4nd\u00e5 \u2013 \u00e4ven om det leder till \u201dpolitiskt d\u00f6dl\u00e4ge\u201d.<\/p>\n","protected":false},"excerpt":{"rendered":"Donald Trump \u00e4r mitt uppe i kriget med Iran.\u00a0 Men han planerar redan f\u00f6r hur Mellan\u00f6stern ska se&hellip;\n","protected":false},"author":2,"featured_media":366736,"comment_status":"","ping_status":"","sticky":false,"template":"","format":"standard","meta":{"footnotes":"","_share_on_mastodon":"0"},"categories":[14],"tags":[22,23,385,26,27,17,21,1530,342,29935,30280,24,25,28,29,124,15,16,18,34,31,33,32,30,19,20,74,51,52,53,54],"class_list":["post-366735","post","type-post","status-publish","format-standard","has-post-thumbnail","category-varlden","tag-breaking-news","tag-breakingnews","tag-donald-trump","tag-featured-news","tag-featurednews","tag-headlines","tag-huvudnyheter","tag-iran","tag-israel","tag-krig-konflikt","tag-kriget-i-mellanostern","tag-latest-news","tag-latestnews","tag-main-news","tag-mainnews","tag-mellanostern","tag-news","tag-nyheter","tag-rubriker","tag-se","tag-svenska","tag-sverige","tag-sweden","tag-swedish","tag-top-stories","tag-topstories","tag-usa","tag-varlden","tag-world","tag-world-news","tag-worldnews"],"share_on_mastodon":{"url":"https:\/\/pubeurope.com\/@se\/117214595414223740","error":""},"_links":{"self":[{"href":"https:\/\/www.europesays.com\/se\/wp-json\/wp\/v2\/posts\/366735","targetHints":{"allow":["GET"]}}],"collection":[{"href":"https:\/\/www.europesays.com\/se\/wp-json\/wp\/v2\/posts"}],"about":[{"href":"https:\/\/www.europesays.com\/se\/wp-json\/wp\/v2\/types\/post"}],"author":[{"embeddable":true,"href":"https:\/\/www.europesays.com\/se\/wp-json\/wp\/v2\/users\/2"}],"replies":[{"embeddable":true,"href":"https:\/\/www.europesays.com\/se\/wp-json\/wp\/v2\/comments?post=366735"}],"version-history":[{"count":0,"href":"https:\/\/www.europesays.com\/se\/wp-json\/wp\/v2\/posts\/366735\/revisions"}],"wp:featuredmedia":[{"embeddable":true,"href":"https:\/\/www.europesays.com\/se\/wp-json\/wp\/v2\/media\/366736"}],"wp:attachment":[{"href":"https:\/\/www.europesays.com\/se\/wp-json\/wp\/v2\/media?parent=366735"}],"wp:term":[{"taxonomy":"category","embeddable":true,"href":"https:\/\/www.europesays.com\/se\/wp-json\/wp\/v2\/categories?post=366735"},{"taxonomy":"post_tag","embeddable":true,"href":"https:\/\/www.europesays.com\/se\/wp-json\/wp\/v2\/tags?post=366735"}],"curies":[{"name":"wp","href":"https:\/\/api.w.org\/{rel}","templated":true}]}}