{"id":366743,"date":"2026-09-04T20:19:15","date_gmt":"2026-09-04T20:19:15","guid":{"rendered":"https:\/\/www.europesays.com\/se\/366743\/"},"modified":"2026-09-04T20:19:15","modified_gmt":"2026-09-04T20:19:15","slug":"trump-hotar-storbritannien-med-falklandsoarna","status":"publish","type":"post","link":"https:\/\/www.europesays.com\/se\/366743\/","title":{"rendered":"Trump hotar Storbritannien med Falklands\u00f6arna"},"content":{"rendered":"<p>  <a href=\"https:\/\/www.svd.se\/av\/therese-larsson-hultin\" title=\"Therese Larsson Hultin\" rel=\"nofollow noopener\" target=\"_blank\"><img decoding=\"async\" alt=\"Therese Larsson Hultin\" class=\"_image_12vp2_69\" loading=\"lazy\"  src=\"https:\/\/www.europesays.com\/se\/wp-content\/uploads\/2026\/09\/1fa2d7fb-7a53-4b6d-8a6e-eee70f792015.png\"  width=\"40\"\/><\/a><img alt=\"\" class=\"_image_1jxax_84 layout-component layout-wide\" data-fullscreen- data-track-element-type=\"Article image fullscreen\" data-track-name=\"ImageFullscreen\" fetchpriority=\"high\" decoding=\"sync\" loading=\"eager\" height=\"5256\" itemprop=\"image\"  src=\"https:\/\/www.europesays.com\/se\/wp-content\/uploads\/2026\/09\/592fee34-d6c3-3778-bbdf-f0a1a4874d08.jpeg\"  style=\"object-position:43.233130390664634% 57.7720700152207%\" width=\"7884\"\/><\/p>\n<p class=\"_textTheme_zldsx_1 _lead_16k26_2 _lead_3ue4t_18 layout-component layout-normal layout-padded _lead_o6m9k_5 _leadTheme_1q6sv_1 body-large bold\">Trumpadministrationen har en ny plan f\u00f6r att f\u00e5 trilskande britter att \u00f6ka f\u00f6rsvarsutgifterna: hota med att \u00e4ndra uppfattning om Falklands\u00f6arna. \u00d6gruppen som Storbritannien och Argentina har krigat om. <\/p>\n<p class=\"_textTheme_zldsx_1 _paragraph_16k26_4 _paragraph_3ue4t_27 layout-component layout-normal layout-padded body-medium\">Uttalandet f\u00e5r n\u00e4stan ses som mesigt f\u00f6r att komma fr\u00e5n Donald Trump. \u00c4nd\u00e5 skapade det stora rubriker p\u00e5 de brittiska \u00f6arna i m\u00e5ndags. <\/p>\n<p class=\"_textTheme_zldsx_1 _paragraph_16k26_4 _paragraph_3ue4t_27 layout-component layout-normal layout-padded body-medium\">\u2013 Ser du \u00f6ver USA:s h\u00e5llning i fr\u00e5gan om Falklands\u00f6arna, fr\u00e5gade en reporter Trump i Ovala rummet. <\/p>\n","protected":false},"excerpt":{"rendered":"Trumpadministrationen har en ny plan f\u00f6r att f\u00e5 trilskande britter att \u00f6ka f\u00f6rsvarsutgifterna: hota med att \u00e4ndra uppfattning&hellip;\n","protected":false},"author":2,"featured_media":366744,"comment_status":"","ping_status":"","sticky":false,"template":"","format":"standard","meta":{"footnotes":"","_share_on_mastodon":"0"},"categories":[14],"tags":[22,23,26,27,17,21,24,25,28,29,999,15,16,4344,18,34,593,31,33,32,30,19,20,51,52,53,54],"class_list":["post-366743","post","type-post","status-publish","format-standard","has-post-thumbnail","category-varlden","tag-breaking-news","tag-breakingnews","tag-featured-news","tag-featurednews","tag-headlines","tag-huvudnyheter","tag-latest-news","tag-latestnews","tag-main-news","tag-mainnews","tag-nato","tag-news","tag-nyheter","tag-pentagon","tag-rubriker","tag-se","tag-storbritannien","tag-svenska","tag-sverige","tag-sweden","tag-swedish","tag-top-stories","tag-topstories","tag-varlden","tag-world","tag-world-news","tag-worldnews"],"share_on_mastodon":{"url":"https:\/\/pubeurope.com\/@se\/117214627473261889","error":""},"_links":{"self":[{"href":"https:\/\/www.europesays.com\/se\/wp-json\/wp\/v2\/posts\/366743","targetHints":{"allow":["GET"]}}],"collection":[{"href":"https:\/\/www.europesays.com\/se\/wp-json\/wp\/v2\/posts"}],"about":[{"href":"https:\/\/www.europesays.com\/se\/wp-json\/wp\/v2\/types\/post"}],"author":[{"embeddable":true,"href":"https:\/\/www.europesays.com\/se\/wp-json\/wp\/v2\/users\/2"}],"replies":[{"embeddable":true,"href":"https:\/\/www.europesays.com\/se\/wp-json\/wp\/v2\/comments?post=366743"}],"version-history":[{"count":0,"href":"https:\/\/www.europesays.com\/se\/wp-json\/wp\/v2\/posts\/366743\/revisions"}],"wp:featuredmedia":[{"embeddable":true,"href":"https:\/\/www.europesays.com\/se\/wp-json\/wp\/v2\/media\/366744"}],"wp:attachment":[{"href":"https:\/\/www.europesays.com\/se\/wp-json\/wp\/v2\/media?parent=366743"}],"wp:term":[{"taxonomy":"category","embeddable":true,"href":"https:\/\/www.europesays.com\/se\/wp-json\/wp\/v2\/categories?post=366743"},{"taxonomy":"post_tag","embeddable":true,"href":"https:\/\/www.europesays.com\/se\/wp-json\/wp\/v2\/tags?post=366743"}],"curies":[{"name":"wp","href":"https:\/\/api.w.org\/{rel}","templated":true}]}}