{"id":366763,"date":"2026-09-04T20:36:14","date_gmt":"2026-09-04T20:36:14","guid":{"rendered":"https:\/\/www.europesays.com\/se\/366763\/"},"modified":"2026-09-04T20:36:14","modified_gmt":"2026-09-04T20:36:14","slug":"nya-tyska-sabotagelarm-klimataktivist-misstanks-hufvudstadsbladet-hbl","status":"publish","type":"post","link":"https:\/\/www.europesays.com\/se\/366763\/","title":{"rendered":"Nya tyska sabotagelarm \u2013 klimataktivist misst\u00e4nks &#8211; Hufvudstadsbladet \u2013 HBL"},"content":{"rendered":"<ol>\n<li><a href=\"https:\/\/news.google.com\/rss\/articles\/CBMigAFBVV95cUxPdDZhbzMzVndiN21lMTJPZnZYYzRYb0psY2dTcklnUmlCSWJ4MjdGMTR1Q1pVS0JLbGtGNFprMEtPakFHRjEwLWthemxaekdIVHVwTE44VU1feXNOeDV5WXFHMXo2SkJFV0FNek9rR2hOcEdpVjFtblhSMVYwV0x5TQ?oc=5\" target=\"_blank\" rel=\"nofollow noopener\">Nya tyska sabotagelarm \u2013 klimataktivist misst\u00e4nks<\/a>&nbsp;&nbsp;Hufvudstadsbladet \u2013 HBL<\/li>\n<li><a href=\"https:\/\/news.google.com\/rss\/articles\/CBMilgFBVV95cUxQR2FkamRjSUt6T19mWV9rVC1XYk9RcUxrR09YbjNmUXkzcFB2THJZV3RpczI0dlpOemFkd0pQUFBzTS01cHVPaFBiYWN3bHFZejUzaWRuRzFWZnozRUNCM2wtaVQyYTA5eHlENnExSThMYmlUNElqZ3FzZThKOFhNRFJBU0tWVjg2MGJOS3hINy1Uejl3OWc?oc=5\" target=\"_blank\" rel=\"nofollow noopener\">(+) Nytt sabotagef\u00f6rs\u00f6k mot Tysklands elf\u00f6rs\u00f6rjning<\/a>&nbsp;&nbsp;Aftonbladet<\/li>\n<li><a href=\"https:\/\/news.google.com\/rss\/articles\/CBMikwFBVV95cUxNX0tFNnN2WHlSYjJGNnVCRWNHU3NsX3BoTDUwZmhWdDJla1dYTGlQUnRLekRpTGRIdGdneUFjV1RmWEp2ek5ta1VTNUhUZDZQMTBJbkdOQTlseWFPd3VLTVFJNEFyTGhFQXYtbXRDNmpVRHhWUURzMWJJQ0kzNkY0U3c5NTh3aXB2TFQ5U1BDWGxrQ00?oc=5\" target=\"_blank\" rel=\"nofollow noopener\">Nytt sabotage mot tyska eln\u00e4tet \u2013 tre p\u00e5 en vecka<\/a>&nbsp;&nbsp;Expressen<\/li>\n<li><a href=\"https:\/\/news.google.com\/rss\/articles\/CBMid0FVX3lxTE9BZVVQZTBKSDBra3BxcnBvOGgwSkRXV3NyTnFKSXVXaDBhUTBSWkotcTFQeGxYZzFRd3dNOGVzb2xtemg4cTBrQWtSX1FWdjhWaFRKTE9uaWVYS083eTExT1pYNDk0bHNsUVAxdUZPVHYtci1XalZJ?oc=5\" target=\"_blank\" rel=\"nofollow noopener\">Nya larm i Tyskland \u2013 misst\u00e4nkt sabotagef\u00f6rs\u00f6k<\/a>&nbsp;&nbsp;di.se<\/li>\n<li><a href=\"https:\/\/news.google.com\/rss\/articles\/CBMiiwFBVV95cUxNZ2hacUdCb0ZrSDZRTVVyUVRSTHlXODdURERtell3THNYc1NXcEl6SlpaNndYeWxhMzNCSzR6bTFYaV9hTlVhSXlaTzI4WWRhazR4bmJrVFJ1dldIbG4zbXpVTnZueVpaVTZQaDNOMkxZWjZnV3VuSDNHSWFWRERoRFJVTFAtaldrRDM0?oc=5\" target=\"_blank\" rel=\"nofollow noopener\">Rekorddyr el efter sabotagef\u00f6rs\u00f6ken i Tyskland<\/a>&nbsp;&nbsp;Sveriges Radio<\/li>\n<\/ol>\n","protected":false},"excerpt":{"rendered":"Nya tyska sabotagelarm \u2013 klimataktivist misst\u00e4nks&nbsp;&nbsp;Hufvudstadsbladet \u2013 HBL (+) Nytt sabotagef\u00f6rs\u00f6k mot Tysklands elf\u00f6rs\u00f6rjning&nbsp;&nbsp;Aftonbladet Nytt sabotage mot tyska&hellip;\n","protected":false},"author":2,"featured_media":366764,"comment_status":"","ping_status":"","sticky":false,"template":"","format":"standard","meta":{"footnotes":"","_share_on_mastodon":"0"},"categories":[14],"tags":[22,23,26,27,17,21,24,25,28,29,15,16,18,34,31,33,32,30,19,20,51,52,53,54],"class_list":["post-366763","post","type-post","status-publish","format-standard","has-post-thumbnail","category-varlden","tag-breaking-news","tag-breakingnews","tag-featured-news","tag-featurednews","tag-headlines","tag-huvudnyheter","tag-latest-news","tag-latestnews","tag-main-news","tag-mainnews","tag-news","tag-nyheter","tag-rubriker","tag-se","tag-svenska","tag-sverige","tag-sweden","tag-swedish","tag-top-stories","tag-topstories","tag-varlden","tag-world","tag-world-news","tag-worldnews"],"share_on_mastodon":{"url":"https:\/\/pubeurope.com\/@se\/117214693538304867","error":""},"_links":{"self":[{"href":"https:\/\/www.europesays.com\/se\/wp-json\/wp\/v2\/posts\/366763","targetHints":{"allow":["GET"]}}],"collection":[{"href":"https:\/\/www.europesays.com\/se\/wp-json\/wp\/v2\/posts"}],"about":[{"href":"https:\/\/www.europesays.com\/se\/wp-json\/wp\/v2\/types\/post"}],"author":[{"embeddable":true,"href":"https:\/\/www.europesays.com\/se\/wp-json\/wp\/v2\/users\/2"}],"replies":[{"embeddable":true,"href":"https:\/\/www.europesays.com\/se\/wp-json\/wp\/v2\/comments?post=366763"}],"version-history":[{"count":0,"href":"https:\/\/www.europesays.com\/se\/wp-json\/wp\/v2\/posts\/366763\/revisions"}],"wp:featuredmedia":[{"embeddable":true,"href":"https:\/\/www.europesays.com\/se\/wp-json\/wp\/v2\/media\/366764"}],"wp:attachment":[{"href":"https:\/\/www.europesays.com\/se\/wp-json\/wp\/v2\/media?parent=366763"}],"wp:term":[{"taxonomy":"category","embeddable":true,"href":"https:\/\/www.europesays.com\/se\/wp-json\/wp\/v2\/categories?post=366763"},{"taxonomy":"post_tag","embeddable":true,"href":"https:\/\/www.europesays.com\/se\/wp-json\/wp\/v2\/tags?post=366763"}],"curies":[{"name":"wp","href":"https:\/\/api.w.org\/{rel}","templated":true}]}}