{"id":366817,"date":"2026-09-04T21:27:13","date_gmt":"2026-09-04T21:27:13","guid":{"rendered":"https:\/\/www.europesays.com\/se\/366817\/"},"modified":"2026-09-04T21:27:13","modified_gmt":"2026-09-04T21:27:13","slug":"meloni-firade-1-414-dagar-vid-makten","status":"publish","type":"post","link":"https:\/\/www.europesays.com\/se\/366817\/","title":{"rendered":"Meloni firade 1\u00a0414 dagar vid makten"},"content":{"rendered":"<p>   <img alt=\"Italiens premi\u00e4rminister Giorgia Meloni tar en selfie med n\u00e5gra anh\u00e4ngare i Bari p\u00e5 fredagen.\" class=\"_image_1jxax_84 layout-component layout-wide\" data-fullscreen- data-track-element-type=\"Article image fullscreen\" data-track-name=\"ImageFullscreen\" fetchpriority=\"high\" decoding=\"sync\" loading=\"eager\" height=\"3000\" itemprop=\"image\"  src=\"https:\/\/www.europesays.com\/se\/wp-content\/uploads\/2026\/09\/8ffcce11-35ab-3387-ad57-443531afe55f.jpeg\"  style=\"object-position:0% 0%\" width=\"4501\"\/>Italiens premi\u00e4rminister Giorgia Meloni tar en selfie med n\u00e5gra anh\u00e4ngare i Bari p\u00e5 fredagen.  Foto: Roberto Monaldo\/AP\/TTVisa mer<\/p>\n<p class=\"_textTheme_4io5p_1 _lead_16k26_2 _lead_3ue4t_18 layout-component layout-normal layout-padded _lead_o6m9k_5 _leadTheme_cypwp_1 body-large bold\">Giorgia Meloni har varit italiensk premi\u00e4rminister i 1 414 dagar \u2013 l\u00e4ngre \u00e4n n\u00e5gon annan italiensk ledare efter monarkins avskaffande 1946.<\/p>\n<p class=\"_textTheme_4io5p_1 _paragraph_16k26_4 _paragraph_3ue4t_27 layout-component layout-normal layout-padded body-medium\">Den rekordl\u00e5nga tiden vid makten firade Meloni och hennes partikamrater i h\u00f6gernationalistiska Italiens br\u00f6der med en stor fest i hamnstaden Bari.<\/p>\n<p class=\"_textTheme_4io5p_1 _paragraph_16k26_4 _paragraph_3ue4t_27 layout-component layout-normal layout-padded body-medium\">I ett tal som enligt nyhetsbyr\u00e5n AP emellan\u00e5t avbr\u00f6ts av att anh\u00e4ngarna skanderande \u201dGiorgia, Giorgia\u201d, hyllade hon sin egen regerings fokus p\u00e5 stabilitet och f\u00f6rm\u00e5ga att st\u00e5 stadigt \u00e4ven n\u00e4r det bl\u00e5ser.<\/p>\n<p class=\"_textTheme_4io5p_1 _paragraph_16k26_4 _paragraph_3ue4t_27 layout-component layout-normal layout-padded body-medium\">\u2013 Det har funnits dagar n\u00e4r det k\u00e4ndes som att jag simmade i klister, men jag gav aldrig upp och det kommer jag inte att b\u00f6rja med heller, sade hon till \u00e5sk\u00e5darnas jubel.<\/p>\n<p class=\"_textTheme_4io5p_1 _paragraph_16k26_4 _paragraph_3ue4t_27 layout-component layout-normal layout-padded body-medium\">Meloni tilltr\u00e4dde den 22 oktober 2022 och medr\u00e4knat den dagen tangerade hennes regering p\u00e5 onsdagen Silvio Berlusconis rekord fr\u00e5n 2005 till 2010, d\u00e5 han var premi\u00e4rminister i 1 412 dagar.<\/p>\n","protected":false},"excerpt":{"rendered":"Italiens premi\u00e4rminister Giorgia Meloni tar en selfie med n\u00e5gra anh\u00e4ngare i Bari p\u00e5 fredagen. Foto: Roberto Monaldo\/AP\/TTVisa mer&hellip;\n","protected":false},"author":2,"featured_media":366818,"comment_status":"","ping_status":"","sticky":false,"template":"","format":"standard","meta":{"footnotes":"","_share_on_mastodon":"0"},"categories":[14],"tags":[22,23,26,27,17,21,24,25,28,29,15,16,18,34,31,33,32,30,19,20,51,52,53,54],"class_list":["post-366817","post","type-post","status-publish","format-standard","has-post-thumbnail","category-varlden","tag-breaking-news","tag-breakingnews","tag-featured-news","tag-featurednews","tag-headlines","tag-huvudnyheter","tag-latest-news","tag-latestnews","tag-main-news","tag-mainnews","tag-news","tag-nyheter","tag-rubriker","tag-se","tag-svenska","tag-sverige","tag-sweden","tag-swedish","tag-top-stories","tag-topstories","tag-varlden","tag-world","tag-world-news","tag-worldnews"],"share_on_mastodon":{"url":"https:\/\/pubeurope.com\/@se\/117214894553717117","error":""},"_links":{"self":[{"href":"https:\/\/www.europesays.com\/se\/wp-json\/wp\/v2\/posts\/366817","targetHints":{"allow":["GET"]}}],"collection":[{"href":"https:\/\/www.europesays.com\/se\/wp-json\/wp\/v2\/posts"}],"about":[{"href":"https:\/\/www.europesays.com\/se\/wp-json\/wp\/v2\/types\/post"}],"author":[{"embeddable":true,"href":"https:\/\/www.europesays.com\/se\/wp-json\/wp\/v2\/users\/2"}],"replies":[{"embeddable":true,"href":"https:\/\/www.europesays.com\/se\/wp-json\/wp\/v2\/comments?post=366817"}],"version-history":[{"count":0,"href":"https:\/\/www.europesays.com\/se\/wp-json\/wp\/v2\/posts\/366817\/revisions"}],"wp:featuredmedia":[{"embeddable":true,"href":"https:\/\/www.europesays.com\/se\/wp-json\/wp\/v2\/media\/366818"}],"wp:attachment":[{"href":"https:\/\/www.europesays.com\/se\/wp-json\/wp\/v2\/media?parent=366817"}],"wp:term":[{"taxonomy":"category","embeddable":true,"href":"https:\/\/www.europesays.com\/se\/wp-json\/wp\/v2\/categories?post=366817"},{"taxonomy":"post_tag","embeddable":true,"href":"https:\/\/www.europesays.com\/se\/wp-json\/wp\/v2\/tags?post=366817"}],"curies":[{"name":"wp","href":"https:\/\/api.w.org\/{rel}","templated":true}]}}