{"id":366827,"date":"2026-09-04T21:35:19","date_gmt":"2026-09-04T21:35:19","guid":{"rendered":"https:\/\/www.europesays.com\/se\/366827\/"},"modified":"2026-09-04T21:35:19","modified_gmt":"2026-09-04T21:35:19","slug":"trumps-sandebud-till-kiev-och-moskva-i-helgen-vk-se","status":"publish","type":"post","link":"https:\/\/www.europesays.com\/se\/366827\/","title":{"rendered":"Trumps s\u00e4ndebud till Kiev och Moskva i helgen &#8211; vk.se"},"content":{"rendered":"<ol>\n<li><a href=\"https:\/\/news.google.com\/rss\/articles\/CBMihwFBVV95cUxNYVJTVDBHLXZXcjJqNmlSYUhfN215bE1mcmVuM1kzU3BkYnV5MzZVLUZtQ0RpZ0lXVk1ZMmNIOGIyeHMtMWdxOHFGNHVGTWJxOEQya3ZUY24yLWJXSEx4REpfY3NmcTZUNnlXTWl2azNidkI0clRDMW43Wmh1d1dXX09LSE1EZWc?oc=5\" target=\"_blank\" rel=\"nofollow noopener\">Trumps s\u00e4ndebud till Kiev och Moskva i helgen<\/a>&nbsp;&nbsp;vk.se<\/li>\n<li><a href=\"https:\/\/news.google.com\/rss\/articles\/CBMicEFVX3lxTFBHY042NXViMk04a1JuRk5qWUVjYzZ1aGtVa0V5czJ1WjN6SnlhWWExX1hUTnNHWUg1cW1HT083RmdFWHpZQm0xdzBteTFzejBIYTdkMVJDbEc5T2FIQXRFZEpxNkh1YS1ZUTBPQVBKWTk?oc=5\" target=\"_blank\" rel=\"nofollow noopener\">Vapenvila i Ukraina<\/a>&nbsp;&nbsp;Aftonbladet<\/li>\n<li><a href=\"https:\/\/news.google.com\/rss\/articles\/CBMihgFBVV95cUxOaFF6bXZHWURrbTJFcEhuelJVSllpcDVGX0Z0WnJWdEtRMFAwa1JUTW8yWkNmd2tVZlZCWEVraGhON01VdDdYdWVEMzhteW5NdXhxaGw1c0hSWnVXRFVZMkRZUTdZTXlvbURsYjFpLU55a2E2Y1VsdXNwUmdVZ01LY3ZqNlFGZw?oc=5\" target=\"_blank\" rel=\"nofollow noopener\">Trump bekr\u00e4ftar s\u00e4ndebuds resa: \u201dTar med f\u00f6rslag\u201d<\/a>&nbsp;&nbsp;Omni \u2013 Alla nyheter. Alla perspektiv.<\/li>\n<li><a href=\"https:\/\/news.google.com\/rss\/articles\/CBMifkFVX3lxTE5rbVRhNFhJamF2RW1jbGxXM3dWamZKeXlSSVcxLTljdHJnOFlmMjR1MmpCSnNFaUhNSHc3dzdlbkZEUDhYc0hOX2tvdGdvRmE2LVItbWVCZ2ZUVDJQTmpIVHRWbzlQcEc1TG9PWkljVng1MmV0eS1xaDNJQzZpdw?oc=5\" target=\"_blank\" rel=\"nofollow noopener\">Trumps\u00e4ndebudets r\u00e4dsla f\u00f6r bes\u00f6ket<\/a>&nbsp;&nbsp;Expressen<\/li>\n<li><a href=\"https:\/\/news.google.com\/rss\/articles\/CBMiswFBVV95cUxPVEJDNm5LWnVSZ2pRc2VJMGt6Nk90aTZhYVpZdDhRVFM4WXAxQXdndkVVNzdoMWRZTTJIYnBxTmN2SURqb3ZGbnBUYVZNVEcxR0hpUi1ueWpMcnVpaTZpTk9IZWlMSmhyZ1cxX2pIVXBUUkUzajhVTHgyc2R4c29RVG5jRnRVNlp2OWp5VnZOTDhMM0FMWUxFVjhkMjJISlItZUkzcFBRTG14OS1jZG94akdMVQ?oc=5\" target=\"_blank\" rel=\"nofollow noopener\">Zelenskyj: USA-s\u00e4ndebud till Kiev p\u00e5 s\u00f6ndag<\/a>&nbsp;&nbsp;G\u00f6teborgs-Posten<\/li>\n<\/ol>\n","protected":false},"excerpt":{"rendered":"Trumps s\u00e4ndebud till Kiev och Moskva i helgen&nbsp;&nbsp;vk.se Vapenvila i Ukraina&nbsp;&nbsp;Aftonbladet Trump bekr\u00e4ftar s\u00e4ndebuds resa: \u201dTar med f\u00f6rslag\u201d&nbsp;&nbsp;Omni&hellip;\n","protected":false},"author":2,"featured_media":366828,"comment_status":"","ping_status":"","sticky":false,"template":"","format":"standard","meta":{"footnotes":"","_share_on_mastodon":"0"},"categories":[14],"tags":[22,23,26,27,17,21,24,25,28,29,15,16,18,34,31,33,32,30,19,20,51,52,53,54],"class_list":["post-366827","post","type-post","status-publish","format-standard","has-post-thumbnail","category-varlden","tag-breaking-news","tag-breakingnews","tag-featured-news","tag-featurednews","tag-headlines","tag-huvudnyheter","tag-latest-news","tag-latestnews","tag-main-news","tag-mainnews","tag-news","tag-nyheter","tag-rubriker","tag-se","tag-svenska","tag-sverige","tag-sweden","tag-swedish","tag-top-stories","tag-topstories","tag-varlden","tag-world","tag-world-news","tag-worldnews"],"share_on_mastodon":{"url":"https:\/\/pubeurope.com\/@se\/117214925719810643","error":""},"_links":{"self":[{"href":"https:\/\/www.europesays.com\/se\/wp-json\/wp\/v2\/posts\/366827","targetHints":{"allow":["GET"]}}],"collection":[{"href":"https:\/\/www.europesays.com\/se\/wp-json\/wp\/v2\/posts"}],"about":[{"href":"https:\/\/www.europesays.com\/se\/wp-json\/wp\/v2\/types\/post"}],"author":[{"embeddable":true,"href":"https:\/\/www.europesays.com\/se\/wp-json\/wp\/v2\/users\/2"}],"replies":[{"embeddable":true,"href":"https:\/\/www.europesays.com\/se\/wp-json\/wp\/v2\/comments?post=366827"}],"version-history":[{"count":0,"href":"https:\/\/www.europesays.com\/se\/wp-json\/wp\/v2\/posts\/366827\/revisions"}],"wp:featuredmedia":[{"embeddable":true,"href":"https:\/\/www.europesays.com\/se\/wp-json\/wp\/v2\/media\/366828"}],"wp:attachment":[{"href":"https:\/\/www.europesays.com\/se\/wp-json\/wp\/v2\/media?parent=366827"}],"wp:term":[{"taxonomy":"category","embeddable":true,"href":"https:\/\/www.europesays.com\/se\/wp-json\/wp\/v2\/categories?post=366827"},{"taxonomy":"post_tag","embeddable":true,"href":"https:\/\/www.europesays.com\/se\/wp-json\/wp\/v2\/tags?post=366827"}],"curies":[{"name":"wp","href":"https:\/\/api.w.org\/{rel}","templated":true}]}}