{"id":366835,"date":"2026-09-04T21:43:26","date_gmt":"2026-09-04T21:43:26","guid":{"rendered":"https:\/\/www.europesays.com\/se\/366835\/"},"modified":"2026-09-04T21:43:26","modified_gmt":"2026-09-04T21:43:26","slug":"dn-direkt-meloni-firade-1-414-dagar-vid-makten","status":"publish","type":"post","link":"https:\/\/www.europesays.com\/se\/366835\/","title":{"rendered":"DN Direkt \u2013 Meloni firade 1\u00a0414 dagar vid makten"},"content":{"rendered":"<p>B\u00e5da \u00e4r m\u00e4starlag och b\u00e5da rivstartade i Champions Hockey League.<\/p>\n<p>Fr\u00f6lunda och Skellefte\u00e5 tog 6\u20131-segrar i premi\u00e4ren.<\/p>\n<p>Fr\u00f6lunda, regerande m\u00e4starlag i CHL, vann p\u00e5 hemmaplan i Fr\u00f6lundaborg \u00f6ver finl\u00e4ndska Saipa och v\u00e5rens svenska m\u00e4starlag Skellefte\u00e5 besegrade slovakiska Nitra p\u00e5 bortaplan.<\/p>\n<p>Nyf\u00f6rv\u00e4rvet Hudson Fasching, amerikanen med NHL-meriter, gjorde m\u00e5l i sin t\u00e4vlingsdebut f\u00f6r Skellefte\u00e5.<\/p>\n<p>Andreas Johnson och Valter Lindberg stod f\u00f6r tre po\u00e4ng vardera, ett m\u00e5l och tv\u00e5 assist.<\/p>\n<p>I Fr\u00f6lunda var det ton\u00e5ringarna som visade v\u00e4gen. Finl\u00e4ndaren Max Westerg\u00e5rd, 19, och Bosse Meijer, 17, v\u00e4nde p\u00e5 matchen efter ett tidigt ledningsm\u00e5l fr\u00e5n Saipa. Hemv\u00e4ndaren Samuel Fagemo gjorde m\u00e5l direkt efter sin sex \u00e5r l\u00e5nga sejour i Nordamerika.<\/p>\n<p>F\u00f6r V\u00e4xj\u00f6 blev det f\u00f6rlust, 1\u20133 borta mot Mannheim.<\/p>\n","protected":false},"excerpt":{"rendered":"B\u00e5da \u00e4r m\u00e4starlag och b\u00e5da rivstartade i Champions Hockey League. Fr\u00f6lunda och Skellefte\u00e5 tog 6\u20131-segrar i premi\u00e4ren. Fr\u00f6lunda,&hellip;\n","protected":false},"author":2,"featured_media":366836,"comment_status":"","ping_status":"","sticky":false,"template":"","format":"standard","meta":{"footnotes":"","_share_on_mastodon":"0"},"categories":[14],"tags":[22,23,26,27,17,21,24,25,28,29,15,16,18,34,31,33,32,30,19,20,51,52,53,54],"class_list":["post-366835","post","type-post","status-publish","format-standard","has-post-thumbnail","category-varlden","tag-breaking-news","tag-breakingnews","tag-featured-news","tag-featurednews","tag-headlines","tag-huvudnyheter","tag-latest-news","tag-latestnews","tag-main-news","tag-mainnews","tag-news","tag-nyheter","tag-rubriker","tag-se","tag-svenska","tag-sverige","tag-sweden","tag-swedish","tag-top-stories","tag-topstories","tag-varlden","tag-world","tag-world-news","tag-worldnews"],"share_on_mastodon":{"url":"https:\/\/pubeurope.com\/@se\/117214957162617499","error":""},"_links":{"self":[{"href":"https:\/\/www.europesays.com\/se\/wp-json\/wp\/v2\/posts\/366835","targetHints":{"allow":["GET"]}}],"collection":[{"href":"https:\/\/www.europesays.com\/se\/wp-json\/wp\/v2\/posts"}],"about":[{"href":"https:\/\/www.europesays.com\/se\/wp-json\/wp\/v2\/types\/post"}],"author":[{"embeddable":true,"href":"https:\/\/www.europesays.com\/se\/wp-json\/wp\/v2\/users\/2"}],"replies":[{"embeddable":true,"href":"https:\/\/www.europesays.com\/se\/wp-json\/wp\/v2\/comments?post=366835"}],"version-history":[{"count":0,"href":"https:\/\/www.europesays.com\/se\/wp-json\/wp\/v2\/posts\/366835\/revisions"}],"wp:featuredmedia":[{"embeddable":true,"href":"https:\/\/www.europesays.com\/se\/wp-json\/wp\/v2\/media\/366836"}],"wp:attachment":[{"href":"https:\/\/www.europesays.com\/se\/wp-json\/wp\/v2\/media?parent=366835"}],"wp:term":[{"taxonomy":"category","embeddable":true,"href":"https:\/\/www.europesays.com\/se\/wp-json\/wp\/v2\/categories?post=366835"},{"taxonomy":"post_tag","embeddable":true,"href":"https:\/\/www.europesays.com\/se\/wp-json\/wp\/v2\/tags?post=366835"}],"curies":[{"name":"wp","href":"https:\/\/api.w.org\/{rel}","templated":true}]}}