{"id":366883,"date":"2026-09-04T22:59:09","date_gmt":"2026-09-04T22:59:09","guid":{"rendered":"https:\/\/www.europesays.com\/se\/366883\/"},"modified":"2026-09-04T22:59:09","modified_gmt":"2026-09-04T22:59:09","slug":"expressen-direkt-senaste-nytt-i-korthet-1968","status":"publish","type":"post","link":"https:\/\/www.europesays.com\/se\/366883\/","title":{"rendered":"Expressen Direkt \u2013 senaste nytt i korthet"},"content":{"rendered":"<p>Man p\u00e5k\u00f6rd av t\u00e5g\u00a0<\/p>\n<p><strong>UPPDATERING 19.32: Polisen har efter publicering varit i kontakt med Expressen och f\u00f6rtydligat att &#8221;knuffen&#8221;som vittnen ber\u00e4ttat om syftade p\u00e5 att mannen uppgavs ha f\u00e5tt en knuff av sp\u00e5rvagnen.\u00a0<\/strong><\/p>\n<p>Klockan 18.08 p\u00e5 fredagskv\u00e4llen larmades polisen om att en man blivit p\u00e5k\u00f6rd av en sp\u00e5rvagn vid Nockeby torg i Stockholm.\u00a0<\/p>\n<p>\u2013 Vittnen s\u00e4ger att han har f\u00e5tt en knuff. De s\u00e4ger att han inte har varit p\u00e5 sp\u00e5ret och inte under vagnen. S\u00e5 det beskrivs som att han &#8221;touchat&#8221; sp\u00e5rvagnen. Han har i alla fall ramlat och p\u00e5 n\u00e5got s\u00e4tt blivit p\u00e5k\u00f6rd av sp\u00e5rvagnen, s\u00e4ger Mats Eriksson, presstalesperson f\u00f6r Stockholmspolisen.\u00a0<\/p>\n<p>Ambulanspersonal som v\u00e5rdar mannen p\u00e5 plats uppger att han har skrapm\u00e4rken i ansiktet och \u00e4r vaken och talbar.\u00a0<\/p>\n<p>Det finns \u00e4nnu ingen brottsmisstanke.\u00a0<\/p>\n<p>\u2013 Vittnen, f\u00f6rare och m\u00e5ls\u00e4gare finns p\u00e5 plats och vi har en patrull som h\u00e5ller f\u00f6rh\u00f6r, s\u00e4ger Mats Eriksson.\u00a0<\/p>\n<p>Polisen uppgav vid klockan 19.30 att mannen var f\u00f6rd till sjukhus f\u00f6r v\u00e5rd.\u00a0<\/p>\n","protected":false},"excerpt":{"rendered":"Man p\u00e5k\u00f6rd av t\u00e5g\u00a0 UPPDATERING 19.32: Polisen har efter publicering varit i kontakt med Expressen och f\u00f6rtydligat att&hellip;\n","protected":false},"author":2,"featured_media":366884,"comment_status":"","ping_status":"","sticky":false,"template":"","format":"standard","meta":{"footnotes":"","_share_on_mastodon":"0"},"categories":[14],"tags":[22,23,26,27,17,21,24,25,28,29,15,16,18,34,31,33,32,30,29937,19,20,51,52,53,54],"class_list":["post-366883","post","type-post","status-publish","format-standard","has-post-thumbnail","category-varlden","tag-breaking-news","tag-breakingnews","tag-featured-news","tag-featurednews","tag-headlines","tag-huvudnyheter","tag-latest-news","tag-latestnews","tag-main-news","tag-mainnews","tag-news","tag-nyheter","tag-rubriker","tag-se","tag-svenska","tag-sverige","tag-sweden","tag-swedish","tag-ta-bort-ai-rost","tag-top-stories","tag-topstories","tag-varlden","tag-world","tag-world-news","tag-worldnews"],"share_on_mastodon":{"url":"https:\/\/pubeurope.com\/@se\/117215255981984932","error":""},"_links":{"self":[{"href":"https:\/\/www.europesays.com\/se\/wp-json\/wp\/v2\/posts\/366883","targetHints":{"allow":["GET"]}}],"collection":[{"href":"https:\/\/www.europesays.com\/se\/wp-json\/wp\/v2\/posts"}],"about":[{"href":"https:\/\/www.europesays.com\/se\/wp-json\/wp\/v2\/types\/post"}],"author":[{"embeddable":true,"href":"https:\/\/www.europesays.com\/se\/wp-json\/wp\/v2\/users\/2"}],"replies":[{"embeddable":true,"href":"https:\/\/www.europesays.com\/se\/wp-json\/wp\/v2\/comments?post=366883"}],"version-history":[{"count":0,"href":"https:\/\/www.europesays.com\/se\/wp-json\/wp\/v2\/posts\/366883\/revisions"}],"wp:featuredmedia":[{"embeddable":true,"href":"https:\/\/www.europesays.com\/se\/wp-json\/wp\/v2\/media\/366884"}],"wp:attachment":[{"href":"https:\/\/www.europesays.com\/se\/wp-json\/wp\/v2\/media?parent=366883"}],"wp:term":[{"taxonomy":"category","embeddable":true,"href":"https:\/\/www.europesays.com\/se\/wp-json\/wp\/v2\/categories?post=366883"},{"taxonomy":"post_tag","embeddable":true,"href":"https:\/\/www.europesays.com\/se\/wp-json\/wp\/v2\/tags?post=366883"}],"curies":[{"name":"wp","href":"https:\/\/api.w.org\/{rel}","templated":true}]}}