{"id":366887,"date":"2026-09-04T23:07:25","date_gmt":"2026-09-04T23:07:25","guid":{"rendered":"https:\/\/www.europesays.com\/se\/366887\/"},"modified":"2026-09-04T23:07:25","modified_gmt":"2026-09-04T23:07:25","slug":"rysstoppen-skjuten-efter-chockattacken-expressen","status":"publish","type":"post","link":"https:\/\/www.europesays.com\/se\/366887\/","title":{"rendered":"Rysstoppen skjuten efter chockattacken &#8211; Expressen"},"content":{"rendered":"<ol>\n<li><a href=\"https:\/\/news.google.com\/rss\/articles\/CBMihAFBVV95cUxNR2ZSMnNhajZwRkJrc1BwSlNneGFwcWd6SkQ1a01sTHdjUjdZMGVLcFNBNHdyMFAyQXlxT1Y5NDdFNmhXakt1dkpJMFk2WkUzd0NyNXdBZGQyYTVOcVZKRk04MElqWjVEZTBVNjAyVElnbVdvOGIzd3BfME1rOU5TZk5QMmc?oc=5\" target=\"_blank\" rel=\"nofollow noopener\">Rysstoppen skjuten efter chockattacken<\/a>&nbsp;&nbsp;Expressen<\/li>\n<li><a href=\"https:\/\/news.google.com\/rss\/articles\/CBMikgFBVV95cUxPUTRkMzBIcTVCSEhEWGE1ZVByOWFVLTJYTFhSOU5mZ3dYcURyb1duYlY4QTVLSkg0MFZzOHBGNWo4cW1kUFkxSVY1ZVpvMDZqQUhTYy00QUFNc09nS3ROTmxLckxwUFhaYWxvTVRmV1VDeWNLT2FaSHZrSC1ZYTNuU0VpRGtGYkdWek5PallrSnBjQQ?oc=5\" target=\"_blank\" rel=\"nofollow noopener\">V\u00e4rldsnyheter 5\/9: Rysk general allvarligt skadad i mordf\u00f6rs\u00f6k<\/a>&nbsp;&nbsp;Vietnam.vn<\/li>\n<li><a href=\"https:\/\/news.google.com\/rss\/articles\/CBMiUEFVX3lxTE56UGMxSXlDaVFYZXowcnN4M0dOY0twcDBQTUIyVEd2aGRqWWRQcGxoVjV5c3dVd2lwaWJ3dU1nVWx0RXZ1TlcxdUNwNFpacF9U?oc=5\" target=\"_blank\" rel=\"nofollow noopener\">Mordf\u00f6rs\u00f6k mot rysk general som misst\u00e4nks f\u00f6r attacker mot Ukraina<\/a>&nbsp;&nbsp;InformNapalm<\/li>\n<li><a href=\"https:\/\/news.google.com\/rss\/articles\/CBMigwFBVV95cUxQOWNTS2lqMmN4QnE5OWtValFxWE5mRFdYaU9PXzVXWXRWdkZ6ZE0zZTdTME5WZjlWcjAtbmRmVjJlbXh1VDRHeHhHUmtxS0JPc21NeV9YeWhFYTJQU1pic0R4RU5VOTJxZ3lsb2djc24yMXdFU1ZIYkt0VjZxNnZONUR4MA?oc=5\" target=\"_blank\" rel=\"nofollow noopener\">\u00c4r det sant att en rysk general blev allvarligt skadad i ett mordf\u00f6rs\u00f6k?<\/a>&nbsp;&nbsp;Vietnam.vn<\/li>\n<li><a href=\"https:\/\/news.google.com\/rss\/articles\/CBMiggFBVV95cUxNZENDZHQ3M2RGVFZibUNHLVNVV0g1aVRnaFIyc0w5aHc5LXNGejVJa1BLOEwwaUxYQXp3YnJzUjUwUEVqdHAxUEJHWHJSVmh2SUFwMnRFb0RXSk5POF8tYWFLanI1bkxPNzROdjlFaTR5Y3g3TE00bTZvRVRTcnZpdjRn?oc=5\" target=\"_blank\" rel=\"nofollow noopener\">Rysk general allvarligt skadad i mordf\u00f6rs\u00f6k.<\/a>&nbsp;&nbsp;Vietnam.vn<\/li>\n<\/ol>\n","protected":false},"excerpt":{"rendered":"Rysstoppen skjuten efter chockattacken&nbsp;&nbsp;Expressen V\u00e4rldsnyheter 5\/9: Rysk general allvarligt skadad i mordf\u00f6rs\u00f6k&nbsp;&nbsp;Vietnam.vn Mordf\u00f6rs\u00f6k mot rysk general som misst\u00e4nks&hellip;\n","protected":false},"author":2,"featured_media":366888,"comment_status":"","ping_status":"","sticky":false,"template":"","format":"standard","meta":{"footnotes":"","_share_on_mastodon":"0"},"categories":[14],"tags":[22,23,26,27,17,21,29935,24,25,28,29,15,16,18,264,34,31,33,32,30,19,20,51,52,53,54],"class_list":["post-366887","post","type-post","status-publish","format-standard","has-post-thumbnail","category-varlden","tag-breaking-news","tag-breakingnews","tag-featured-news","tag-featurednews","tag-headlines","tag-huvudnyheter","tag-krig-konflikt","tag-latest-news","tag-latestnews","tag-main-news","tag-mainnews","tag-news","tag-nyheter","tag-rubriker","tag-ryssland","tag-se","tag-svenska","tag-sverige","tag-sweden","tag-swedish","tag-top-stories","tag-topstories","tag-varlden","tag-world","tag-world-news","tag-worldnews"],"share_on_mastodon":{"url":"https:\/\/pubeurope.com\/@se\/117215287200360277","error":""},"_links":{"self":[{"href":"https:\/\/www.europesays.com\/se\/wp-json\/wp\/v2\/posts\/366887","targetHints":{"allow":["GET"]}}],"collection":[{"href":"https:\/\/www.europesays.com\/se\/wp-json\/wp\/v2\/posts"}],"about":[{"href":"https:\/\/www.europesays.com\/se\/wp-json\/wp\/v2\/types\/post"}],"author":[{"embeddable":true,"href":"https:\/\/www.europesays.com\/se\/wp-json\/wp\/v2\/users\/2"}],"replies":[{"embeddable":true,"href":"https:\/\/www.europesays.com\/se\/wp-json\/wp\/v2\/comments?post=366887"}],"version-history":[{"count":0,"href":"https:\/\/www.europesays.com\/se\/wp-json\/wp\/v2\/posts\/366887\/revisions"}],"wp:featuredmedia":[{"embeddable":true,"href":"https:\/\/www.europesays.com\/se\/wp-json\/wp\/v2\/media\/366888"}],"wp:attachment":[{"href":"https:\/\/www.europesays.com\/se\/wp-json\/wp\/v2\/media?parent=366887"}],"wp:term":[{"taxonomy":"category","embeddable":true,"href":"https:\/\/www.europesays.com\/se\/wp-json\/wp\/v2\/categories?post=366887"},{"taxonomy":"post_tag","embeddable":true,"href":"https:\/\/www.europesays.com\/se\/wp-json\/wp\/v2\/tags?post=366887"}],"curies":[{"name":"wp","href":"https:\/\/api.w.org\/{rel}","templated":true}]}}