{"id":367093,"date":"2026-09-05T06:39:08","date_gmt":"2026-09-05T06:39:08","guid":{"rendered":"https:\/\/www.europesays.com\/se\/367093\/"},"modified":"2026-09-05T06:39:08","modified_gmt":"2026-09-05T06:39:08","slug":"trump-putin-kommer-inte-attackera-nato-jag-kanner-honom","status":"publish","type":"post","link":"https:\/\/www.europesays.com\/se\/367093\/","title":{"rendered":"Trump: Putin kommer inte attackera Nato \u2013 jag k\u00e4nner honom"},"content":{"rendered":"<p>Donald Trump avf\u00e4rdar det ryska hybridhotet mot Nato.<\/p>\n<p>Vladimir Putin har inga planer p\u00e5 att attackera Nato, enligt den amerikanska presidenten.<\/p>\n<p>\u2013 Jag k\u00e4nner honom mycket v\u00e4l, s\u00e4ger Trump.<\/p>\n<p>Nyheter, intervjuer, reportage och analyser om Rysslands invasionskrig i Ukraina.<img   alt=\"\"\/><\/p>\n<p>Vladimir Putin och Donald Trump tr\u00e4ffades i Alaska i augusti 2025.<\/p>\n<p>Foto: BENJAMIN APPLEBAUM \/ POLARIS\/IBL<\/p>\n<p>\u00d6ppna bild i helsk\u00e4rm<\/p>\n<p>Tyskland har pekat ut Ryssland f\u00f6r att ligga bakom den dr\u00f6nare med spr\u00e4ng\u00e4mnen som uppt\u00e4cktes p\u00e5 flygplatsen i Leipzig i augusti.<\/p>\n<p>P\u00e5 fredagen fick <a href=\"https:\/\/www.expressen.se\/tagg\/person\/donald-trump\/\" class=\"\" rel=\"nofollow noopener\" target=\"_blank\">Donald Trump<\/a> fr\u00e5gor om h\u00e4ndelsen, men valde att avf\u00e4rda anklagelserna fr\u00e5n USA:s allierade.<\/p>\n<p>\u2013 Jag pratar med honom. Jag k\u00e4nner honom mycket v\u00e4l. Putin kommer inte attackera Nato-territorium, s\u00e4ger Trump, enligt <a href=\"https:\/\/www.politico.com\/news\/2026\/09\/04\/trump-russia-nato-espionage-allegations-01066120\" rel=\"nofollow noopener\" target=\"_blank\">Politico<\/a>.<\/p>\n<p>Trump utvecklade inte sitt svar vidare. Tysklands inrikesminister Alexander Dobrindt har sagt att h\u00e4ndelsen f\u00f6ljer \u201dm\u00f6nstret av ryska hybridattacker\u201d.<\/p>\n<p>Samtal i Moskva \u2013 och Kiev<\/p>\n<p>Samtidigt p\u00e5g\u00e5r nya amerikanska f\u00f6rs\u00f6k att f\u00e5 ett slut p\u00e5 kriget i Ukraina. Trumps s\u00e4ndebud, sv\u00e4rsonen Jared Kushner och den m\u00e5ng\u00e5rige v\u00e4nnen Steve Witkoff, kommer att bes\u00f6ka Moskva i helgen, enligt <a href=\"https:\/\/www.france24.com\/en\/live-news\/20260905-trump-sends-envoys-to-moscow-kyiv-with-new-plan-to-end-war\" rel=\"nofollow noopener\" target=\"_blank\">AFP<\/a>.\u00a0<\/p>\n<p>\u2013 De tar med sig ett f\u00f6rslag om att avsluta kriget, s\u00e4ger Trump, utan att g\u00e5 in p\u00e5 n\u00e5gra detaljer.<\/p>\n<p>\u2013 Vi har en id\u00e9 f\u00f6r fred, s\u00e4ger han.<\/p>\n<p>Ukraina stoppar luftanfall<\/p>\n<p>Ryssland har inte bekr\u00e4ftat n\u00e4r m\u00f6tet kommer \u00e4ga rum. Ukrainas president Volodymyr Zelenskyj meddelade p\u00e5 fredagskv\u00e4llen att Kushner och Witkoff kommer att bes\u00f6ka Kiev p\u00e5 s\u00f6ndagen, trots <a href=\"https:\/\/www.expressen.se\/nyheter\/varlden\/witkoffs-radsla--for-kiev-besok\" rel=\"nofollow noopener\" target=\"_blank\">medieuppgifter<\/a> om r\u00e4dsla f\u00f6r attacker.<\/p>\n<p>\u201dDet kommer inte att bli n\u00e5gra luftanfall fr\u00e5n v\u00e5r sida och Ryssland m\u00e5ste f\u00f6lja detta\u201d, skriver Zelenskyj p\u00e5 <a href=\"https:\/\/x.com\/ZelenskyyUa\/status\/2095923193290834050\" rel=\"nofollow\">X<\/a>.<\/p>\n<p>Enligt uppgifter till <a href=\"https:\/\/www.pravda.com.ua\/eng\/news\/2026\/09\/04\/8051977\/\" rel=\"nofollow noopener\" target=\"_blank\">Ukrainska Pravda<\/a> har den ukrainska milit\u00e4ren f\u00e5tt order om en tillf\u00e4llig vapenvila fr\u00e5n l\u00f6rdag till och med tisdag. De ryska attackerna har fortsatt under natten till l\u00f6rdagen, d\u00e4r fyra personer har d\u00f6dats utanf\u00f6r Dnipro och flera har skadats efter ett bostadshus tr\u00e4ffats utanf\u00f6r Kiev.<\/p>\n<p><strong>L\u00c4S MER: <\/strong><a href=\"https:\/\/www.expressen.se\/nyheter\/varlden\/putins-radsla-efter-nya-beslutet-hanga-mig\/\" class=\"\" rel=\"nofollow noopener\" target=\"_blank\">Putins r\u00e4dsla efter nya beslutet: \u201dH\u00e4nga mig\u201d<\/a><\/p>\n","protected":false},"excerpt":{"rendered":"Donald Trump avf\u00e4rdar det ryska hybridhotet mot Nato. Vladimir Putin har inga planer p\u00e5 att attackera Nato, enligt&hellip;\n","protected":false},"author":2,"featured_media":367094,"comment_status":"","ping_status":"","sticky":false,"template":"","format":"standard","meta":{"footnotes":"","_share_on_mastodon":"0"},"categories":[5],"tags":[22,23,385,26,27,17,21,10798,29935,1744,24,25,28,29,999,15,16,18,264,34,9122,31,33,32,30,19,20,263,51,261,262],"class_list":["post-367093","post","type-post","status-publish","format-standard","has-post-thumbnail","category-rubriker","tag-breaking-news","tag-breakingnews","tag-donald-trump","tag-featured-news","tag-featurednews","tag-headlines","tag-huvudnyheter","tag-jared-kushner","tag-krig-konflikt","tag-kriget-i-ukraina","tag-latest-news","tag-latestnews","tag-main-news","tag-mainnews","tag-nato","tag-news","tag-nyheter","tag-rubriker","tag-ryssland","tag-se","tag-steve-witkoff","tag-svenska","tag-sverige","tag-sweden","tag-swedish","tag-top-stories","tag-topstories","tag-ukraina","tag-varlden","tag-vladimir-putin","tag-volodymyr-zelenskyj"],"share_on_mastodon":{"url":"https:\/\/pubeurope.com\/@se\/117217064629109330","error":""},"_links":{"self":[{"href":"https:\/\/www.europesays.com\/se\/wp-json\/wp\/v2\/posts\/367093","targetHints":{"allow":["GET"]}}],"collection":[{"href":"https:\/\/www.europesays.com\/se\/wp-json\/wp\/v2\/posts"}],"about":[{"href":"https:\/\/www.europesays.com\/se\/wp-json\/wp\/v2\/types\/post"}],"author":[{"embeddable":true,"href":"https:\/\/www.europesays.com\/se\/wp-json\/wp\/v2\/users\/2"}],"replies":[{"embeddable":true,"href":"https:\/\/www.europesays.com\/se\/wp-json\/wp\/v2\/comments?post=367093"}],"version-history":[{"count":0,"href":"https:\/\/www.europesays.com\/se\/wp-json\/wp\/v2\/posts\/367093\/revisions"}],"wp:featuredmedia":[{"embeddable":true,"href":"https:\/\/www.europesays.com\/se\/wp-json\/wp\/v2\/media\/367094"}],"wp:attachment":[{"href":"https:\/\/www.europesays.com\/se\/wp-json\/wp\/v2\/media?parent=367093"}],"wp:term":[{"taxonomy":"category","embeddable":true,"href":"https:\/\/www.europesays.com\/se\/wp-json\/wp\/v2\/categories?post=367093"},{"taxonomy":"post_tag","embeddable":true,"href":"https:\/\/www.europesays.com\/se\/wp-json\/wp\/v2\/tags?post=367093"}],"curies":[{"name":"wp","href":"https:\/\/api.w.org\/{rel}","templated":true}]}}