{"id":367479,"date":"2026-09-05T15:21:12","date_gmt":"2026-09-05T15:21:12","guid":{"rendered":"https:\/\/www.europesays.com\/se\/367479\/"},"modified":"2026-09-05T15:21:12","modified_gmt":"2026-09-05T15:21:12","slug":"hammarbys-attonde-raka-match-utan-forlust-damallsvenskan","status":"publish","type":"post","link":"https:\/\/www.europesays.com\/se\/367479\/","title":{"rendered":"Hammarbys \u00e5ttonde raka match utan f\u00f6rlust | Damallsvenskan"},"content":{"rendered":"<p>Uppdaterad 5 sep 2026 kl 17.15Publicerad 5 sep 2026 kl 17.00<\/p>\n<p>Hammarby har nu spelat \u00e5tta matcher utan att f\u00f6rlora i damallsvenskan.<\/p>\n<p>Efter att IFK Norrk\u00f6ping nollats under l\u00f6rdagen skuggas fortsatt BK H\u00e4cken i toppen.\u00a0<\/p>\n<p><img   alt=\"\"\/><\/p>\n<p>Svea Rehnberg jublar efter ett m\u00e5l mot Norrk\u00f6ping.<\/p>\n<p>Foto: ANDREAS L ERIKSSON \/ BILDBYR\u00c5N<\/p>\n<p>\u00d6ppna bild i helsk\u00e4rm<\/p>\n<p>Det var botten mot toppen p\u00e5 f\u00f6rhand.<\/p>\n<p>Men den f\u00f6rsta halvleken slutade m\u00e5ll\u00f6st.<\/p>\n<p>Detta d\u00e5 g\u00e4stande \u201dPeking\u201d f\u00e5tt f\u00f6rsvara sig under stora delar av de f\u00f6rsta 45 minuterna p\u00e5 Kanalplan.<\/p>\n<p>\u2013 Vi vet att Hammarby \u00e4r ett skickligt lag. S\u00e5 vi har f\u00f6rsvarat bra och de har inte f\u00e5tt s\u00e5 mycket chanser, s\u00e4ger bortalagets Josefin Harrysson i Viaplay.<\/p>\n<p>Men hemmalaget hade en plan f\u00f6r att kunna spr\u00e4cka nollan.<\/p>\n<p>\u2013 Vi har \u00f6vertaget, men vi skapar inte trycket mot boxen som vi brukar ha, s\u00e4ger Fanny Peterson.<\/p>\n<p>Hammarby utnyttjade nyckeln<\/p>\n<p>Hon betonade ocks\u00e5 att Hammarby skulle utnyttja ett numer\u00e4rt \u00f6vertag i straffomr\u00e5det n\u00e4r <a href=\"https:\/\/www.expressen.se\/tagg\/organization\/ifk-norrkoping\/\" class=\"\" rel=\"nofollow noopener\" target=\"_blank\">IFK Norrk\u00f6ping<\/a> satte h\u00e5rdare press p\u00e5 spelaren med boll.<\/p>\n<p>S\u00e5 blev det ocks\u00e5.<\/p>\n<p>F\u00f6r p\u00e5 1\u20130-m\u00e5let direkt efter paus blev Svea Rehnberg helt fri i straffomr\u00e5det f\u00f6r att kunna nicka in ledningsm\u00e5let.<\/p>\n<p>H\u00e4ndelsef\u00f6rloppet upprepade sig s\u00e5 n\u00e4r med kvarten kvar av ordinarie tid ocks\u00e5. D\u00e5 var det Vilde Hasund som frispelades till 2\u20130.<\/p>\n<p>\u2013 Det \u00e4r skickligt utf\u00f6rt, konstaterade Viaplay-experten Saga Fredriksson.<\/p>\n<p>De tre po\u00e4ngen blev sedan Hammarbys som fortsatt ligger tv\u00e5a i damallsvenskan.\u00a0<\/p>\n<p>Resultat i damallsvenskan<\/p>\n<p>Pite\u00e5 \u2013 V\u00e4xj\u00f6 DFF: 2\u20130<\/p>\n<p>Kristianstad \u2013 Brommapojkarna: 0\u20132<br \/>Djurg\u00e5rden \u2013 Roseng\u00e5rd: 0\u20131<\/p>\n<p>Hammarby \u2013 Norrk\u00f6ping: 2\u20130<\/p>\n<p>Visa mer<\/p>\n","protected":false},"excerpt":{"rendered":"Uppdaterad 5 sep 2026 kl 17.15Publicerad 5 sep 2026 kl 17.00 Hammarby har nu spelat \u00e5tta matcher utan&hellip;\n","protected":false},"author":2,"featured_media":367480,"comment_status":"","ping_status":"","sticky":false,"template":"","format":"standard","meta":{"footnotes":"","_share_on_mastodon":"0"},"categories":[68],"tags":[5157,138,35751,4297,7947,34,111,110,31,33,32,30],"class_list":["post-367479","post","type-post","status-publish","format-standard","has-post-thumbnail","category-sport","tag-damallsvenskan","tag-fotboll","tag-hammarby-if-dam","tag-ifk-norrkoping","tag-obos-damallsvenskan","tag-se","tag-sport","tag-sports","tag-svenska","tag-sverige","tag-sweden","tag-swedish"],"share_on_mastodon":{"url":"https:\/\/pubeurope.com\/@se\/117219117107161262","error":""},"_links":{"self":[{"href":"https:\/\/www.europesays.com\/se\/wp-json\/wp\/v2\/posts\/367479","targetHints":{"allow":["GET"]}}],"collection":[{"href":"https:\/\/www.europesays.com\/se\/wp-json\/wp\/v2\/posts"}],"about":[{"href":"https:\/\/www.europesays.com\/se\/wp-json\/wp\/v2\/types\/post"}],"author":[{"embeddable":true,"href":"https:\/\/www.europesays.com\/se\/wp-json\/wp\/v2\/users\/2"}],"replies":[{"embeddable":true,"href":"https:\/\/www.europesays.com\/se\/wp-json\/wp\/v2\/comments?post=367479"}],"version-history":[{"count":0,"href":"https:\/\/www.europesays.com\/se\/wp-json\/wp\/v2\/posts\/367479\/revisions"}],"wp:featuredmedia":[{"embeddable":true,"href":"https:\/\/www.europesays.com\/se\/wp-json\/wp\/v2\/media\/367480"}],"wp:attachment":[{"href":"https:\/\/www.europesays.com\/se\/wp-json\/wp\/v2\/media?parent=367479"}],"wp:term":[{"taxonomy":"category","embeddable":true,"href":"https:\/\/www.europesays.com\/se\/wp-json\/wp\/v2\/categories?post=367479"},{"taxonomy":"post_tag","embeddable":true,"href":"https:\/\/www.europesays.com\/se\/wp-json\/wp\/v2\/tags?post=367479"}],"curies":[{"name":"wp","href":"https:\/\/api.w.org\/{rel}","templated":true}]}}