{"id":367499,"date":"2026-09-05T15:40:39","date_gmt":"2026-09-05T15:40:39","guid":{"rendered":"https:\/\/www.europesays.com\/se\/367499\/"},"modified":"2026-09-05T15:40:39","modified_gmt":"2026-09-05T15:40:39","slug":"allsvenskan-aiks-lucas-assadi-har-fatt-arbetstillstand","status":"publish","type":"post","link":"https:\/\/www.europesays.com\/se\/367499\/","title":{"rendered":"Allsvenskan \u2022 AIK:s Lucas Assadi har f\u00e5tt arbetstillst\u00e5nd"},"content":{"rendered":"<p>Uppdaterad 5 sep 2026 kl 15.43Publicerad 5 sep 2026 kl 14.11<\/p>\n<p>Gl\u00e4djebesked f\u00f6r AIK.<\/p>\n<p>Det chilenska nyf\u00f6rv\u00e4rvet Lucas Assadi, 22, har f\u00e5tt sitt arbetstillst\u00e5nd, skriver <a href=\"https:\/\/www.fotbollskanalen.se\/artiklar\/allsvenskan\/uppgifter-lucas-assadi-har-fatt-arbetstillstand\" rel=\"nofollow noopener\" target=\"_blank\">Fotbollskanalen<\/a>.<\/p>\n<p><img   alt=\"\"\/><\/p>\n<p>Lucas Assadi.<\/p>\n<p>Foto: Lucas Gabriel Cardoso \/ SIPA\/IBL<\/p>\n<p>\u00d6ppna bild i helsk\u00e4rm<\/p>\n<p>Det var i f\u00f6rra veckan som AIK presenterade Lucas Assadi \u2013 f\u00f6r en rekordsumma.\u00a0<\/p>\n<p>Enligt Expressens uppgifter betalade AIK 1,7 miljoner euro, motsvarande cirka 19 miljoner kronor.\u00a0<\/p>\n<p>Men AIK-supportrarna har beh\u00f6vt v\u00e4nta p\u00e5 att f\u00e5 se honom i aktion. Detta d\u00e5 chilenaren inte f\u00e5tt sitt arbetstillst\u00e5nd godk\u00e4nt.\u00a0<\/p>\n<p>Nu har han f\u00e5tt det. I ett meddelande till Fotbollskanalen bekr\u00e4ftar AIK:s rekryteringschef Miika Takkula att Assadi har f\u00e5tt sitt arbetstillst\u00e5nd.<\/p>\n<p>Kan spela i storm\u00f6tet<\/p>\n<p>D\u00e4rmed \u00e4r den offensiva mittf\u00e4ltaren tillg\u00e4nglig f\u00f6r m\u00e5ndagens match mot Malm\u00f6 FF. Men det \u00e5terst\u00e5r att se om Assadi \u00e4r med redan d\u00e5 \u2013 han har n\u00e4mligen inte tr\u00e4nat med klubben \u00e4n.\u00a0<\/p>\n<p>Lucas Assadi ansl\u00f6t till AIK fr\u00e5n Universidad de Chile d\u00e4r han gjorde 20 m\u00e5l och 15 assist p\u00e5 151 matcher.<\/p>\n","protected":false},"excerpt":{"rendered":"Uppdaterad 5 sep 2026 kl 15.43Publicerad 5 sep 2026 kl 14.11 Gl\u00e4djebesked f\u00f6r AIK. Det chilenska nyf\u00f6rv\u00e4rvet Lucas&hellip;\n","protected":false},"author":2,"featured_media":367500,"comment_status":"","ping_status":"","sticky":false,"template":"","format":"standard","meta":{"footnotes":"","_share_on_mastodon":"0"},"categories":[68],"tags":[460,159,138,34,111,110,31,33,32,30],"class_list":["post-367499","post","type-post","status-publish","format-standard","has-post-thumbnail","category-sport","tag-aik-fotboll","tag-allsvenskan","tag-fotboll","tag-se","tag-sport","tag-sports","tag-svenska","tag-sverige","tag-sweden","tag-swedish"],"share_on_mastodon":{"url":"https:\/\/pubeurope.com\/@se\/117219192096534540","error":""},"_links":{"self":[{"href":"https:\/\/www.europesays.com\/se\/wp-json\/wp\/v2\/posts\/367499","targetHints":{"allow":["GET"]}}],"collection":[{"href":"https:\/\/www.europesays.com\/se\/wp-json\/wp\/v2\/posts"}],"about":[{"href":"https:\/\/www.europesays.com\/se\/wp-json\/wp\/v2\/types\/post"}],"author":[{"embeddable":true,"href":"https:\/\/www.europesays.com\/se\/wp-json\/wp\/v2\/users\/2"}],"replies":[{"embeddable":true,"href":"https:\/\/www.europesays.com\/se\/wp-json\/wp\/v2\/comments?post=367499"}],"version-history":[{"count":0,"href":"https:\/\/www.europesays.com\/se\/wp-json\/wp\/v2\/posts\/367499\/revisions"}],"wp:featuredmedia":[{"embeddable":true,"href":"https:\/\/www.europesays.com\/se\/wp-json\/wp\/v2\/media\/367500"}],"wp:attachment":[{"href":"https:\/\/www.europesays.com\/se\/wp-json\/wp\/v2\/media?parent=367499"}],"wp:term":[{"taxonomy":"category","embeddable":true,"href":"https:\/\/www.europesays.com\/se\/wp-json\/wp\/v2\/categories?post=367499"},{"taxonomy":"post_tag","embeddable":true,"href":"https:\/\/www.europesays.com\/se\/wp-json\/wp\/v2\/tags?post=367499"}],"curies":[{"name":"wp","href":"https:\/\/api.w.org\/{rel}","templated":true}]}}