{"id":36750,"date":"2025-09-22T12:41:16","date_gmt":"2025-09-22T12:41:16","guid":{"rendered":"https:\/\/www.europesays.com\/se\/36750\/"},"modified":"2025-09-22T12:41:16","modified_gmt":"2025-09-22T12:41:16","slug":"miljardnota-for-techjattar-efter-trumps-nya-utspel-vagtullar-pa-100-000-dollar-breakit","status":"publish","type":"post","link":"https:\/\/www.europesays.com\/se\/36750\/","title":{"rendered":"Miljardnota f\u00f6r techj\u00e4ttar efter Trumps nya utspel: \u201cV\u00e4gtullar p\u00e5 100.000 dollar\u201d &#8211; Breakit"},"content":{"rendered":"<ol>\n<li><a href=\"https:\/\/news.google.com\/rss\/articles\/CBMitgFBVV95cUxNQ2tTQjRzVlJYUTVnZE5fWnJXTUNhamFRemF4X19aVWNaQVk3XzBrWmthclR4c1FRY1ctWHh4UUZmNnNIbUdWYURmakFaZ1lYanRBSXZ1SkkwVDZGQW1CUFIzWVBvOEN3RkFxbHU0YnJXOVljY3A1dHlrNWZVMzdrU01jQ25yWExMMnNPbm9Yc2Q1MWlQc3g4TS1RMTd3emY5bWZ2cm5udmgtQ2dJVGJSbjZ2T2gwUQ?oc=5\" target=\"_blank\" rel=\"nofollow noopener\">Miljardnota f\u00f6r techj\u00e4ttar efter Trumps nya utspel: \u201cV\u00e4gtullar p\u00e5 100.000 dollar\u201d<\/a>&nbsp;&nbsp;Breakit<\/li>\n<li><a href=\"https:\/\/news.google.com\/rss\/articles\/CBMijgFBVV95cUxNZjJEbWE5VGRqZDRsc1hxRFJsZzRJVUE1SHVQdkFTWkdDUE1wamJFcnM4M1dBbUVXZG0yUVZsTU5HbmNxQlUwUlRjYmlKOV95cm8tRE9zRjNLS2lTcWRxMnpMQUs2dmZvRGRkVzFOcDVZLVhoZy1UdzZRa2N2TmNiblRvNmZVYXZ2NEkyUHpB?oc=5\" target=\"_blank\" rel=\"nofollow noopener\">USA h\u00f6jer visumavgift f\u00f6r techarbetare<\/a>&nbsp;&nbsp;Aftonbladet<\/li>\n<li><a href=\"https:\/\/news.google.com\/rss\/articles\/CBMicEFVX3lxTFBpa0YwTy1Ob1dRZkdYZVFOaFNWUk9ES0RId2NNRVlRempMX2tEZy03SVg4MkNYZEU4b1NteHR4UE10NUlHN0pXVkVJR21kVUZfRmdKS3E0TzdNdGduR19Wd3hQQ0FKS1hOOGVTa1E4VE4?oc=5\" target=\"_blank\" rel=\"nofollow noopener\">Techj\u00e4ttarnas nya visumnota: 150 miljarder \u2013 per \u00e5r<\/a>&nbsp;&nbsp;EFN<\/li>\n<li><a href=\"https:\/\/news.google.com\/rss\/articles\/CBMimAFBVV95cUxNeHNyS2VDVDJnanRCOTl6azUzSFJLS3ptaE9OblFfNlJscFRSZWJoOG5iUnNfOTNuNzFjWDlSekk1QWp1OHVkeTJCVUFPS1JXZmpWbDZDQ1lVdXRhSGxsWDJuS0kzUS1oVWgzZUhtN0gzUWdTN0NRNGVXMTVCZzhkWnFuTUxWbENYQ2JlV2M0aFN4eWVZcnA3RA?oc=5\" target=\"_blank\" rel=\"nofollow noopener\">Panik och ilska efter Trumps visum-gir: \u201dDet var familjen eller att stanna kvar\u201d<\/a>&nbsp;&nbsp;Omni<\/li>\n<li><a href=\"https:\/\/news.google.com\/rss\/articles\/CBMinwFBVV95cUxOY0JLZUJwNjc5cS1SQ05KTS0xOW80VWhaY2cyV1M5MTNhME85emFQbnl5RmFpcXlKNUhLeWZQTlFkazZMVERuZl8tVHdvd1lUR2JUOXF5UXN4RjFrSUgyeDdzUktkdzNlcS1jZEw5VkMwczU5SVdJSnRJUDRBSTF2dm96TTJ0eTk5X2Y1R0hTUGJiVGhUV0RrNGFkUDRZQ2M?oc=5\" target=\"_blank\" rel=\"nofollow noopener\">USA: Arbetsvisum p\u00e5 100 000 dollar \u2013 &#8221;Guldkort&#8221; f\u00f6r miljon\u00e4rer<\/a>&nbsp;&nbsp;Gazeta Express<\/li>\n<\/ol>\n","protected":false},"excerpt":{"rendered":"Miljardnota f\u00f6r techj\u00e4ttar efter Trumps nya utspel: \u201cV\u00e4gtullar p\u00e5 100.000 dollar\u201d&nbsp;&nbsp;Breakit USA h\u00f6jer visumavgift f\u00f6r techarbetare&nbsp;&nbsp;Aftonbladet Techj\u00e4ttarnas nya&hellip;\n","protected":false},"author":2,"featured_media":36751,"comment_status":"","ping_status":"","sticky":false,"template":"","format":"standard","meta":{"footnotes":""},"categories":[65],"tags":[72,87,70,71,88,91,90,92,34,89,86,31,33,32,30,85],"class_list":{"0":"post-36750","1":"post","2":"type-post","3":"status-publish","4":"format-standard","5":"has-post-thumbnail","7":"category-ekonomi","8":"tag-business","9":"tag-digital","10":"tag-economy","11":"tag-ekonomi","12":"tag-entreprenor","13":"tag-king","14":"tag-klarna","15":"tag-riskkapital","16":"tag-se","17":"tag-spotify","18":"tag-startups","19":"tag-svenska","20":"tag-sverige","21":"tag-sweden","22":"tag-swedish","23":"tag-tech"},"share_on_mastodon":{"url":"","error":""},"_links":{"self":[{"href":"https:\/\/www.europesays.com\/se\/wp-json\/wp\/v2\/posts\/36750","targetHints":{"allow":["GET"]}}],"collection":[{"href":"https:\/\/www.europesays.com\/se\/wp-json\/wp\/v2\/posts"}],"about":[{"href":"https:\/\/www.europesays.com\/se\/wp-json\/wp\/v2\/types\/post"}],"author":[{"embeddable":true,"href":"https:\/\/www.europesays.com\/se\/wp-json\/wp\/v2\/users\/2"}],"replies":[{"embeddable":true,"href":"https:\/\/www.europesays.com\/se\/wp-json\/wp\/v2\/comments?post=36750"}],"version-history":[{"count":0,"href":"https:\/\/www.europesays.com\/se\/wp-json\/wp\/v2\/posts\/36750\/revisions"}],"wp:featuredmedia":[{"embeddable":true,"href":"https:\/\/www.europesays.com\/se\/wp-json\/wp\/v2\/media\/36751"}],"wp:attachment":[{"href":"https:\/\/www.europesays.com\/se\/wp-json\/wp\/v2\/media?parent=36750"}],"wp:term":[{"taxonomy":"category","embeddable":true,"href":"https:\/\/www.europesays.com\/se\/wp-json\/wp\/v2\/categories?post=36750"},{"taxonomy":"post_tag","embeddable":true,"href":"https:\/\/www.europesays.com\/se\/wp-json\/wp\/v2\/tags?post=36750"}],"curies":[{"name":"wp","href":"https:\/\/api.w.org\/{rel}","templated":true}]}}