{"id":367575,"date":"2026-09-05T17:07:51","date_gmt":"2026-09-05T17:07:51","guid":{"rendered":"https:\/\/www.europesays.com\/se\/367575\/"},"modified":"2026-09-05T17:07:51","modified_gmt":"2026-09-05T17:07:51","slug":"broderna-gallagher-i-venedig-for-premiarvisning","status":"publish","type":"post","link":"https:\/\/www.europesays.com\/se\/367575\/","title":{"rendered":"Br\u00f6derna Gallagher i Venedig f\u00f6r premi\u00e4rvisning"},"content":{"rendered":"<p>Liam och Noel Gallagher \u00e4r i Venedig f\u00f6r premi\u00e4rvisningen av dokument\u00e4ren \u201dOasis: Don\u2019t look back in anger\u201d under den p\u00e5g\u00e5ende filmfestivalen. Br\u00f6derna hoppade dock \u00f6ver den officiella presskonferensen p\u00e5 l\u00f6rdagen, vilket inte f\u00f6rv\u00e5nade Variety. <\/p>\n<p>Filmen skildrar bandets och br\u00f6dernas \u00e5terf\u00f6rening efter 15 \u00e5r under fjol\u00e5rets turn\u00e9. <\/p>\n<p>\u2013 Det h\u00e4r \u00e4r inte s\u00e5 mycket en musikfilm, som en film om f\u00f6rl\u00e5telse och om f\u00f6rsoning, s\u00e4ger regiss\u00f6ren Will Lovelace till TT.<\/p>\n<p>Omni \u00e4r politiskt obundna och oberoende. Vi str\u00e4var efter att ge fler perspektiv p\u00e5 nyheterna. Har du fr\u00e5gor eller synpunkter kring v\u00e5r rapportering? <a href=\"https:\/\/omni.se\/broderna-gallagher-i-venedig-for-premiarvisning\/a\/mailto:redaktion@omni.se\" class=\"ArticleActions-module-scss-module__w9u9BG__contactLink\" rel=\"nofollow noopener\" target=\"_blank\">Kontakta redaktionen<\/a><\/p>\n","protected":false},"excerpt":{"rendered":"Liam och Noel Gallagher \u00e4r i Venedig f\u00f6r premi\u00e4rvisningen av dokument\u00e4ren \u201dOasis: Don\u2019t look back in anger\u201d under&hellip;\n","protected":false},"author":2,"featured_media":367576,"comment_status":"","ping_status":"","sticky":false,"template":"","format":"standard","meta":{"footnotes":"","_share_on_mastodon":"0"},"categories":[67],"tags":[104,41078,41077,592,34,31,33,32,30,105],"class_list":["post-367575","post","type-post","status-publish","format-standard","has-post-thumbnail","category-underhallning","tag-entertainment","tag-liam-gallagher","tag-noel-gallagher","tag-oasis","tag-se","tag-svenska","tag-sverige","tag-sweden","tag-swedish","tag-underhallning"],"share_on_mastodon":{"url":"https:\/\/pubeurope.com\/@se\/117219538120225838","error":""},"_links":{"self":[{"href":"https:\/\/www.europesays.com\/se\/wp-json\/wp\/v2\/posts\/367575","targetHints":{"allow":["GET"]}}],"collection":[{"href":"https:\/\/www.europesays.com\/se\/wp-json\/wp\/v2\/posts"}],"about":[{"href":"https:\/\/www.europesays.com\/se\/wp-json\/wp\/v2\/types\/post"}],"author":[{"embeddable":true,"href":"https:\/\/www.europesays.com\/se\/wp-json\/wp\/v2\/users\/2"}],"replies":[{"embeddable":true,"href":"https:\/\/www.europesays.com\/se\/wp-json\/wp\/v2\/comments?post=367575"}],"version-history":[{"count":0,"href":"https:\/\/www.europesays.com\/se\/wp-json\/wp\/v2\/posts\/367575\/revisions"}],"wp:featuredmedia":[{"embeddable":true,"href":"https:\/\/www.europesays.com\/se\/wp-json\/wp\/v2\/media\/367576"}],"wp:attachment":[{"href":"https:\/\/www.europesays.com\/se\/wp-json\/wp\/v2\/media?parent=367575"}],"wp:term":[{"taxonomy":"category","embeddable":true,"href":"https:\/\/www.europesays.com\/se\/wp-json\/wp\/v2\/categories?post=367575"},{"taxonomy":"post_tag","embeddable":true,"href":"https:\/\/www.europesays.com\/se\/wp-json\/wp\/v2\/tags?post=367575"}],"curies":[{"name":"wp","href":"https:\/\/api.w.org\/{rel}","templated":true}]}}