{"id":367579,"date":"2026-09-05T17:14:18","date_gmt":"2026-09-05T17:14:18","guid":{"rendered":"https:\/\/www.europesays.com\/se\/367579\/"},"modified":"2026-09-05T17:14:18","modified_gmt":"2026-09-05T17:14:18","slug":"helsingborg-forlorade-i-mikael-stahres-debut","status":"publish","type":"post","link":"https:\/\/www.europesays.com\/se\/367579\/","title":{"rendered":"Helsingborg f\u00f6rlorade i Mikael Stahres debut"},"content":{"rendered":"<p>  <a class=\"_link_1lr5y_108\" href=\"https:\/\/aftonbladet.se\/av\/albin-ekstrom\" title=\"Albin Ekstr\u00f6m\" rel=\"nofollow noopener\" target=\"_blank\"><img alt=\"Bild av Albin Ekstr\u00f6m\" class=\"_image_1lr5y_85\" fetchpriority=\"low\" decoding=\"async\" itemprop=\"image\" loading=\"lazy\"  src=\"https:\/\/www.europesays.com\/se\/wp-content\/uploads\/2026\/09\/1788628456_95_581a6679-21c5-4174-8ca1-9b6fec7d07a6.png\"  width=\"480\"\/><\/a>  <img class=\"_image_1a8ez_62 layout-component layout-wide\" data-fullscreen- data-track-element-type=\"Article image fullscreen\" data-track-name=\"ImageFullscreen\" fetchpriority=\"high\" decoding=\"sync\" loading=\"eager\" height=\"57\" itemprop=\"image\"  src=\"https:\/\/www.europesays.com\/se\/wp-content\/uploads\/2026\/09\/ce2c75cb8a337ac99cfda7f8a3b44bf8.jpg\"  style=\"object-position:50% 50%;aspect-ratio:1.7777777777777777;height:auto;object-fit:cover;width:100%\" width=\"102\"\/>  <\/p>\n<p class=\"_textTheme_4io5p_1 _lead_16k26_2 _lead_3ue4t_18 layout-component layout-normal layout-padded _lead_o6m9k_5 _leadTheme_cypwp_1 body-large bold\">Inte ens med en ny tr\u00e4nare vaknade Helsingborgs IF.<\/p>\n<p class=\"_textTheme_4io5p_1 _lead_16k26_2 _lead_3ue4t_18 layout-component layout-normal layout-padded _lead_o6m9k_5 _leadTheme_cypwp_1 body-large bold\">Laget buades ut i Mikael Stahres debut.<\/p>\n<p class=\"_textTheme_4io5p_1 _lead_16k26_2 _lead_3ue4t_18 layout-component layout-normal layout-padded _lead_o6m9k_5 _leadTheme_cypwp_1 body-large bold\">\u2013 Besvikelse, s\u00e4ger lagkaptenen Jakob Voelkerling Persson i TV4.<\/p>\n<p class=\"_textTheme_4io5p_1 _paragraph_16k26_4 _paragraph_3ue4t_27 layout-component layout-normal layout-padded body-medium\">Dansken Christian Wagner s\u00e4nkte Helsingborgs IF p\u00e5 Olympia. Han gjorde Sandvikens b\u00e5da m\u00e5l i 2\u20130-segern mot HIF.<\/p>\n<p class=\"_textTheme_4io5p_1 _paragraph_16k26_4 _paragraph_3ue4t_27 layout-component layout-normal layout-padded body-medium\">Det inneb\u00e4r att Mikael Stahre f\u00f6rlorade sin f\u00f6rsta match i sin nya klubb.<\/p>\n<p class=\"_textTheme_4io5p_1 _paragraph_16k26_4 _paragraph_3ue4t_27 layout-component layout-normal layout-padded body-medium\">\u2013 Vi k\u00e4mpar och sliter, men v\u00e5r f\u00f6rsvarsspel&#8230; vi \u00e4r inte tillr\u00e4ckligt n\u00e4ra dem och vi har absolut inte dagen med bollen och d\u00e5 blir det sv\u00e5rt, s\u00e4ger Helsingborgs Jakob Voelkerling Persson i TV4.<\/p>\n<p class=\"_textTheme_4io5p_1 _paragraph_16k26_4 _paragraph_3ue4t_27 layout-component layout-normal layout-padded body-medium\">N\u00e4r domaren bl\u00e5ste av matchen var det genast kraftiga burop fr\u00e5n HIF-fansen. De avtog inte n\u00e4r spelarna och ledarna var p\u00e5 v\u00e4g mot kortsidan f\u00f6r att tacka f\u00f6r st\u00f6det.<\/p>\n<p> Turbulent s\u00e4song <\/p>\n<p class=\"_textTheme_4io5p_1 _paragraph_16k26_4 _paragraph_3ue4t_27 layout-component layout-normal layout-padded body-medium\">Stahre presenterades av Helsingborg f\u00f6r en dryg vecka sedan, men i tisdags satt han p\u00e5 l\u00e4ktaren n\u00e4r den assisterande tr\u00e4naren Alexander Tengryd i st\u00e4llet ledde laget.<\/p>\n<p class=\"_textTheme_4io5p_1 _paragraph_16k26_4 _paragraph_3ue4t_27 layout-component layout-normal layout-padded body-medium\">\u2013 Vi har inte haft l\u00e5ng tid p\u00e5 oss att s\u00e4tta bitarna, det g\u00e4ller att vi forts\u00e4tter det vi b\u00f6rjat p\u00e5 och g\u00f6r det b\u00e4ttre, s\u00e4ger Voelkerling Persson.<\/p>\n<p class=\"_textTheme_4io5p_1 _paragraph_16k26_4 _paragraph_3ue4t_27 layout-component layout-normal layout-padded body-medium\">S\u00e4songen har varit skakig f\u00f6r Helsingborg som inte vunnit i superettan sedan den 21 juli. Tr\u00e4naren Stevie Greive sparkades efter fem raka matcher utan seger och ersattes av Stahre.<\/p>\n<p class=\"_textTheme_4io5p_1 _paragraph_16k26_4 _paragraph_3ue4t_27 layout-component layout-normal layout-padded body-medium\">Helsingborg ligger tia i superettan och Sandviken \u00e4r sjua. I n\u00e4sta omg\u00e5ng v\u00e4ntar ett Sk\u00e5nederby f\u00f6r HIF borta mot Landskrona.<\/p>\n<p class=\"_textTheme_4io5p_1 _paragraph_16k26_4 _paragraph_3ue4t_27 layout-component layout-normal layout-padded body-medium\">Sandviken tar emot Oddevold.<\/p>\n<p>     <img alt=\"Mikael Stahre i samtal med HIF-spelare. \" class=\"_image_1jxax_84 layout-component layout-normal\" data-fullscreen- data-track-element-type=\"Article image fullscreen\" data-track-name=\"ImageFullscreen\" decoding=\"async\" loading=\"lazy\" height=\"3027\" itemprop=\"image\"  src=\"https:\/\/www.europesays.com\/se\/wp-content\/uploads\/2026\/09\/7d565956-74ce-3f04-9e66-4802a28f5bd3.jpeg\"  style=\"object-position:0% 0%\" width=\"4541\"\/>Mikael Stahre i samtal med HIF-spelare.  Foto: AVDO BILKANOVIC \/ BILDBYR\u00c5NVisa mer          <\/p>\n","protected":false},"excerpt":{"rendered":"Inte ens med en ny tr\u00e4nare vaknade Helsingborgs IF. Laget buades ut i Mikael Stahres debut. \u2013 Besvikelse,&hellip;\n","protected":false},"author":2,"featured_media":367580,"comment_status":"","ping_status":"","sticky":false,"template":"","format":"standard","meta":{"footnotes":"","_share_on_mastodon":"0"},"categories":[68],"tags":[138,32927,656,34,111,110,2222,31,33,32,30],"class_list":["post-367579","post","type-post","status-publish","format-standard","has-post-thumbnail","category-sport","tag-fotboll","tag-helsingborgs-if","tag-mikael-stahre","tag-se","tag-sport","tag-sports","tag-superettan","tag-svenska","tag-sverige","tag-sweden","tag-swedish"],"share_on_mastodon":{"url":"https:\/\/pubeurope.com\/@se\/117219562027453191","error":""},"_links":{"self":[{"href":"https:\/\/www.europesays.com\/se\/wp-json\/wp\/v2\/posts\/367579","targetHints":{"allow":["GET"]}}],"collection":[{"href":"https:\/\/www.europesays.com\/se\/wp-json\/wp\/v2\/posts"}],"about":[{"href":"https:\/\/www.europesays.com\/se\/wp-json\/wp\/v2\/types\/post"}],"author":[{"embeddable":true,"href":"https:\/\/www.europesays.com\/se\/wp-json\/wp\/v2\/users\/2"}],"replies":[{"embeddable":true,"href":"https:\/\/www.europesays.com\/se\/wp-json\/wp\/v2\/comments?post=367579"}],"version-history":[{"count":0,"href":"https:\/\/www.europesays.com\/se\/wp-json\/wp\/v2\/posts\/367579\/revisions"}],"wp:featuredmedia":[{"embeddable":true,"href":"https:\/\/www.europesays.com\/se\/wp-json\/wp\/v2\/media\/367580"}],"wp:attachment":[{"href":"https:\/\/www.europesays.com\/se\/wp-json\/wp\/v2\/media?parent=367579"}],"wp:term":[{"taxonomy":"category","embeddable":true,"href":"https:\/\/www.europesays.com\/se\/wp-json\/wp\/v2\/categories?post=367579"},{"taxonomy":"post_tag","embeddable":true,"href":"https:\/\/www.europesays.com\/se\/wp-json\/wp\/v2\/tags?post=367579"}],"curies":[{"name":"wp","href":"https:\/\/api.w.org\/{rel}","templated":true}]}}