{"id":367593,"date":"2026-09-05T17:42:10","date_gmt":"2026-09-05T17:42:10","guid":{"rendered":"https:\/\/www.europesays.com\/se\/367593\/"},"modified":"2026-09-05T17:42:10","modified_gmt":"2026-09-05T17:42:10","slug":"vasteras-sks-mote-med-sirius-avbrutet-allsvenskan","status":"publish","type":"post","link":"https:\/\/www.europesays.com\/se\/367593\/","title":{"rendered":"V\u00e4ster\u00e5s SK:s m\u00f6te med Sirius avbrutet | Allsvenskan"},"content":{"rendered":"<p>Uppdaterad 5 sep 2026 kl 19.23Publicerad 5 sep 2026 kl 19.10<\/p>\n<p>Det var med dryga kvarten kvar matchen som ett knallskott briserade.<\/p>\n<p>D\u00e4refter pausades det allsvenska m\u00f6tet mellan V\u00e4ster\u00e5s och Sirius.<\/p>\n<p><img loading=\"lazy\"   alt=\"\"\/> <\/p>\n<p>Foto: ARON BROMAN \/ BILDBYR\u00c5N<\/p>\n<p>\u00d6ppna bild i helsk\u00e4rm<img loading=\"lazy\"   alt=\"\"\/> <\/p>\n<p>Foto: Per Groth\/TT \/ TT NYHETSBYR\u00c5N<\/p>\n<p>\u00d6ppna bild i helsk\u00e4rm<\/p>\n<p>G\u00e4sterna hade tagit ledningen i den andra halvleken och st\u00e4llningen var 0\u20131 i V\u00e4ster\u00e5s.<\/p>\n<p>D\u00e5 briserade ett knallskott i den 73:e matchminuten, kort efter ett j\u00e4ttel\u00e4ge f\u00f6r hemmalaget.<\/p>\n<p>F\u00f6rst s\u00e5g det ut som att matchen endast skulle pausas tillf\u00e4lligt, men efter att domaren samlat spelarna vid b\u00e4nkarna kom ett nytt besked.<\/p>\n<p>Matchen mellan lagen avbr\u00f6ts till f\u00f6ljd av ordningsst\u00f6rningen n\u00e4r matchklockan stod p\u00e5 72.40<\/p>\n<p>Kravet p\u00e5 supportrarna<\/p>\n<p>Enligt TV4 ville arrang\u00f6ren att supportrar \u201davmaskerade sig\u201d, d\u00e4rav att man tillsammans med matchdelegaten pausade matchen f\u00f6r att genomf\u00f6ra ett matchm\u00f6te. <a href=\"https:\/\/www.vlt.se\/sport\/vsk-sirius-direktrapport\/\" rel=\"nofollow noopener\" target=\"_blank\">VLT<\/a> rapporterar att speakern p\u00e5 arenan meddelat att \u201dmatchen \u00e5terupptas n\u00e4r alla avmaskerat sig\u201d.<\/p>\n<p><a href=\"https:\/\/www.unt.se\/sport\/fotboll\/artikel\/knallskott-domaren-bryter-arosderbyt\/jn3kq90r\" rel=\"nofollow noopener\" target=\"_blank\">UNT<\/a> rapporterar fr\u00e5n Hitachi Energy Arena att det var i hemmaklacken som knallskottet gick av.\u00a0<\/p>\n<p>Klockan 19.23 \u00e5terupptogs sedan matchen. Detta efter en 17 minuter l\u00e5ng paus<\/p>\n<p>\u2013 Vi har ordningsst\u00f6rning p\u00e5 l\u00e5ngsidan. Arrang\u00f6ren ans\u00e5g att det fanns risk att det skulle forts\u00e4tta. Nu har man vidtagit \u00e5tg\u00e4rder. Man har kr\u00e4ft att avmaskering ska ske p\u00e5 sektionen och man har fyllt p\u00e5 med resurser p\u00e5 sektinen. De har vidtagit \u00e5tg\u00e4rder och samtliga parter \u00e4r n\u00f6jda, s\u00e4ger matchdelegaten Kristoffer L\u00f6fberg om matchm\u00f6tet.<\/p>\n<p>Matchen st\u00e5r 0\u20131 till Sirius.<\/p>\n","protected":false},"excerpt":{"rendered":"Uppdaterad 5 sep 2026 kl 19.23Publicerad 5 sep 2026 kl 19.10 Det var med dryga kvarten kvar matchen&hellip;\n","protected":false},"author":2,"featured_media":367594,"comment_status":"","ping_status":"","sticky":false,"template":"","format":"standard","meta":{"footnotes":"","_share_on_mastodon":"0"},"categories":[68],"tags":[159,138,4431,34,111,110,31,33,32,30,17600,12783],"class_list":["post-367593","post","type-post","status-publish","format-standard","has-post-thumbnail","category-sport","tag-allsvenskan","tag-fotboll","tag-ik-sirius-fk","tag-se","tag-sport","tag-sports","tag-svenska","tag-sverige","tag-sweden","tag-swedish","tag-vasteras-sk","tag-vasteras-sk-fotboll"],"share_on_mastodon":{"url":"https:\/\/pubeurope.com\/@se\/117219671651915582","error":""},"_links":{"self":[{"href":"https:\/\/www.europesays.com\/se\/wp-json\/wp\/v2\/posts\/367593","targetHints":{"allow":["GET"]}}],"collection":[{"href":"https:\/\/www.europesays.com\/se\/wp-json\/wp\/v2\/posts"}],"about":[{"href":"https:\/\/www.europesays.com\/se\/wp-json\/wp\/v2\/types\/post"}],"author":[{"embeddable":true,"href":"https:\/\/www.europesays.com\/se\/wp-json\/wp\/v2\/users\/2"}],"replies":[{"embeddable":true,"href":"https:\/\/www.europesays.com\/se\/wp-json\/wp\/v2\/comments?post=367593"}],"version-history":[{"count":0,"href":"https:\/\/www.europesays.com\/se\/wp-json\/wp\/v2\/posts\/367593\/revisions"}],"wp:featuredmedia":[{"embeddable":true,"href":"https:\/\/www.europesays.com\/se\/wp-json\/wp\/v2\/media\/367594"}],"wp:attachment":[{"href":"https:\/\/www.europesays.com\/se\/wp-json\/wp\/v2\/media?parent=367593"}],"wp:term":[{"taxonomy":"category","embeddable":true,"href":"https:\/\/www.europesays.com\/se\/wp-json\/wp\/v2\/categories?post=367593"},{"taxonomy":"post_tag","embeddable":true,"href":"https:\/\/www.europesays.com\/se\/wp-json\/wp\/v2\/tags?post=367593"}],"curies":[{"name":"wp","href":"https:\/\/api.w.org\/{rel}","templated":true}]}}