{"id":367607,"date":"2026-09-05T18:05:29","date_gmt":"2026-09-05T18:05:29","guid":{"rendered":"https:\/\/www.europesays.com\/se\/367607\/"},"modified":"2026-09-05T18:05:29","modified_gmt":"2026-09-05T18:05:29","slug":"degerfors-lyfter-efter-tung-seger-hbk-pa-vag-ut","status":"publish","type":"post","link":"https:\/\/www.europesays.com\/se\/367607\/","title":{"rendered":"Degerfors lyfter efter tung seger \u2013 HBK p\u00e5 v\u00e4g ut"},"content":{"rendered":"<p>Degerfors tog en blytung seger i den allsvenska bottenstriden p\u00e5 l\u00f6rdagen n\u00e4r de besegrade Halmstad med 2\u20130 p\u00e5 hemmaplan. <\/p>\n<p>HBK-backen Rami Kaib var uppgiven efter matchen. <\/p>\n<p>\u2013 Jag vet inte vad som h\u00e4nder vid deras m\u00e5l, det k\u00e4nns som de f\u00e5r promenera mot straffomr\u00e5det, s\u00e4ger han i TV4-s\u00e4ndningen. <\/p>\n<p>Halmstad st\u00e5r nu p\u00e5 11 po\u00e4ng efter 20 spelade matcher och ligger klart sist i serien. Degerfors har 19 po\u00e4ng p\u00e5 lika m\u00e5nga matcher och ligger p\u00e5 kvalplats. D\u00e4remellan st\u00e5r \u00d6rgryte p\u00e5 14 po\u00e4ng med en match mindre spelad. <\/p>\n<p>Omni \u00e4r politiskt obundna och oberoende. Vi str\u00e4var efter att ge fler perspektiv p\u00e5 nyheterna. Har du fr\u00e5gor eller synpunkter kring v\u00e5r rapportering? <a href=\"https:\/\/omni.se\/degerfors-lyfter-efter-tung-seger-hbk-pa-vag-ut\/a\/mailto:redaktion@omni.se\" class=\"ArticleActions-module-scss-module__w9u9BG__contactLink\" rel=\"nofollow noopener\" target=\"_blank\">Kontakta redaktionen<\/a><\/p>\n","protected":false},"excerpt":{"rendered":"Degerfors tog en blytung seger i den allsvenska bottenstriden p\u00e5 l\u00f6rdagen n\u00e4r de besegrade Halmstad med 2\u20130 p\u00e5&hellip;\n","protected":false},"author":2,"featured_media":367608,"comment_status":"","ping_status":"","sticky":false,"template":"","format":"standard","meta":{"footnotes":"","_share_on_mastodon":"0"},"categories":[5],"tags":[159,22,23,1232,26,27,138,2280,17,21,24,25,28,29,15,16,18,34,31,33,32,30,19,20],"class_list":["post-367607","post","type-post","status-publish","format-standard","has-post-thumbnail","category-rubriker","tag-allsvenskan","tag-breaking-news","tag-breakingnews","tag-degerfors-if","tag-featured-news","tag-featurednews","tag-fotboll","tag-halmstads-bk","tag-headlines","tag-huvudnyheter","tag-latest-news","tag-latestnews","tag-main-news","tag-mainnews","tag-news","tag-nyheter","tag-rubriker","tag-se","tag-svenska","tag-sverige","tag-sweden","tag-swedish","tag-top-stories","tag-topstories"],"share_on_mastodon":{"url":"https:\/\/pubeurope.com\/@se\/117219762233352751","error":""},"_links":{"self":[{"href":"https:\/\/www.europesays.com\/se\/wp-json\/wp\/v2\/posts\/367607","targetHints":{"allow":["GET"]}}],"collection":[{"href":"https:\/\/www.europesays.com\/se\/wp-json\/wp\/v2\/posts"}],"about":[{"href":"https:\/\/www.europesays.com\/se\/wp-json\/wp\/v2\/types\/post"}],"author":[{"embeddable":true,"href":"https:\/\/www.europesays.com\/se\/wp-json\/wp\/v2\/users\/2"}],"replies":[{"embeddable":true,"href":"https:\/\/www.europesays.com\/se\/wp-json\/wp\/v2\/comments?post=367607"}],"version-history":[{"count":0,"href":"https:\/\/www.europesays.com\/se\/wp-json\/wp\/v2\/posts\/367607\/revisions"}],"wp:featuredmedia":[{"embeddable":true,"href":"https:\/\/www.europesays.com\/se\/wp-json\/wp\/v2\/media\/367608"}],"wp:attachment":[{"href":"https:\/\/www.europesays.com\/se\/wp-json\/wp\/v2\/media?parent=367607"}],"wp:term":[{"taxonomy":"category","embeddable":true,"href":"https:\/\/www.europesays.com\/se\/wp-json\/wp\/v2\/categories?post=367607"},{"taxonomy":"post_tag","embeddable":true,"href":"https:\/\/www.europesays.com\/se\/wp-json\/wp\/v2\/tags?post=367607"}],"curies":[{"name":"wp","href":"https:\/\/api.w.org\/{rel}","templated":true}]}}