{"id":367609,"date":"2026-09-05T18:07:13","date_gmt":"2026-09-05T18:07:13","guid":{"rendered":"https:\/\/www.europesays.com\/se\/367609\/"},"modified":"2026-09-05T18:07:13","modified_gmt":"2026-09-05T18:07:13","slug":"superettan-helsingborg-forlorade-i-mikael-stahres-forsta-match","status":"publish","type":"post","link":"https:\/\/www.europesays.com\/se\/367609\/","title":{"rendered":"Superettan \u2022 Helsingborg f\u00f6rlorade i Mikael Stahres f\u00f6rsta match"},"content":{"rendered":"<p>Uppdaterad 5 sep 2026 kl 19.43Publicerad 5 sep 2026 kl 18.55<\/p>\n<p>Mikael Stahres f\u00f6rsta dag p\u00e5 jobbet.<\/p>\n<p>D\u00e5 blev Helsingborg nollat av Sandviken.<\/p>\n<p><img loading=\"lazy\"   alt=\"\"\/><\/p>\n<p>Mikael Stahre gjorde sin f\u00f6rsta match som tr\u00e4nare f\u00f6r Helsingborg.<\/p>\n<p>Foto: AVDO BILKANOVIC \/ BILDBYR\u00c5N<\/p>\n<p>\u00d6ppna bild i helsk\u00e4rm<img loading=\"lazy\"   alt=\"\"\/> <\/p>\n<p>Foto: AVDO BILKANOVIC \/ BILDBYR\u00c5N<\/p>\n<p>\u00d6ppna bild i helsk\u00e4rm<img loading=\"lazy\"   alt=\"\"\/>\u00d6ppna bild i helsk\u00e4rm<\/p>\n<p>Helsingborg \u00e4r superettans formsvagaste lag.\u00a0<\/p>\n<p>Inf\u00f6r l\u00f6rdagens hemmamatch mot Sandviken hade man bara skrapat ihop tv\u00e5 po\u00e4ng p\u00e5 de senast fem omg\u00e5ngarna.\u00a0<\/p>\n<p>Det var en av anledningarna till att huvudtr\u00e4naren Stevie Grevie blev sparkad och ersatt av tr\u00e4narprofilen Mikael Stahre.<\/p>\n<p>Men n\u00e5gon vidare dr\u00f6mstart p\u00e5 nya jobbet blev det inte.<\/p>\n<p>Fr\u00e5n tr\u00e4narb\u00e4nken fick Mikael Stahre se g\u00e4stande Sandviken ta ledningen efter en halvtimme genom skyttekungen Christian Wagner. Tio minuter fr\u00e5n slutet satte samme Wagner 2\u20130.\u00a0<\/p>\n<p>Krislagets andra raka<\/p>\n<p>Helsingborg \u00e4r tia i tabellen \u2013 blott fyra po\u00e4ng ovanf\u00f6r negativ kvalplats.<\/p>\n<p>\u2013 Vi har inte haft l\u00e5ng tid p\u00e5 oss att s\u00e4tta bitarna. Det g\u00e4ller att forts\u00e4tta med det vi b\u00f6rjat p\u00e5 h\u00e4r och g\u00f6ra det b\u00e4ttre, s\u00e4ger lagkaptenen Jakob Voelkerling Persson i TV4:s s\u00e4ndning.<\/p>\n<p>Parallellt b\u00e4rgade tabelljumbon Gif Sundsvall sin andra raka seger. 1\u20130 borta mot Brage inneb\u00e4r att Sundsvall knappar in p\u00e5 \u00d6rebro och nyss n\u00e4mnda Brage i bottenstriden.<\/p>\n","protected":false},"excerpt":{"rendered":"Uppdaterad 5 sep 2026 kl 19.43Publicerad 5 sep 2026 kl 18.55 Mikael Stahres f\u00f6rsta dag p\u00e5 jobbet. D\u00e5&hellip;\n","protected":false},"author":2,"featured_media":367610,"comment_status":"","ping_status":"","sticky":false,"template":"","format":"standard","meta":{"footnotes":"","_share_on_mastodon":"0"},"categories":[68],"tags":[138,32927,34,111,110,2222,31,33,32,30],"class_list":["post-367609","post","type-post","status-publish","format-standard","has-post-thumbnail","category-sport","tag-fotboll","tag-helsingborgs-if","tag-se","tag-sport","tag-sports","tag-superettan","tag-svenska","tag-sverige","tag-sweden","tag-swedish"],"share_on_mastodon":{"url":"https:\/\/pubeurope.com\/@se\/117219770203956632","error":""},"_links":{"self":[{"href":"https:\/\/www.europesays.com\/se\/wp-json\/wp\/v2\/posts\/367609","targetHints":{"allow":["GET"]}}],"collection":[{"href":"https:\/\/www.europesays.com\/se\/wp-json\/wp\/v2\/posts"}],"about":[{"href":"https:\/\/www.europesays.com\/se\/wp-json\/wp\/v2\/types\/post"}],"author":[{"embeddable":true,"href":"https:\/\/www.europesays.com\/se\/wp-json\/wp\/v2\/users\/2"}],"replies":[{"embeddable":true,"href":"https:\/\/www.europesays.com\/se\/wp-json\/wp\/v2\/comments?post=367609"}],"version-history":[{"count":0,"href":"https:\/\/www.europesays.com\/se\/wp-json\/wp\/v2\/posts\/367609\/revisions"}],"wp:featuredmedia":[{"embeddable":true,"href":"https:\/\/www.europesays.com\/se\/wp-json\/wp\/v2\/media\/367610"}],"wp:attachment":[{"href":"https:\/\/www.europesays.com\/se\/wp-json\/wp\/v2\/media?parent=367609"}],"wp:term":[{"taxonomy":"category","embeddable":true,"href":"https:\/\/www.europesays.com\/se\/wp-json\/wp\/v2\/categories?post=367609"},{"taxonomy":"post_tag","embeddable":true,"href":"https:\/\/www.europesays.com\/se\/wp-json\/wp\/v2\/tags?post=367609"}],"curies":[{"name":"wp","href":"https:\/\/api.w.org\/{rel}","templated":true}]}}