{"id":367621,"date":"2026-09-05T18:28:16","date_gmt":"2026-09-05T18:28:16","guid":{"rendered":"https:\/\/www.europesays.com\/se\/367621\/"},"modified":"2026-09-05T18:28:16","modified_gmt":"2026-09-05T18:28:16","slug":"usa-varnar-for-hybridattacker-mot-nato-5-september-2026","status":"publish","type":"post","link":"https:\/\/www.europesays.com\/se\/367621\/","title":{"rendered":"USA varnar f\u00f6r hybridattacker mot Nato \u2013 5 september 2026"},"content":{"rendered":"<p class=\"wp-block-paragraph\">Natol\u00e4nderna ska inte tolerera avsiktliga hybridattacker, s\u00e4ger USA:s Natoambassad\u00f6r Matthew Whitaker efter det avv\u00e4rjda dr\u00f6narattentatet vid Leipzig\/Halle. Han varnar s\u00e4rskilt f\u00f6r hot mot kritisk infrastruktur och energianl\u00e4ggningar. F\u00f6r Sverige ber\u00f6r beskedet b\u00e5de energif\u00f6rs\u00f6rjningen och skyddet av kablar och transportv\u00e4gar i \u00d6stersj\u00f6omr\u00e5det.<\/p>\n<p class=\"wp-block-paragraph\">Whitaker gjorde uttalandet den 5 september 2026 vid en aff\u00e4rskonferens i Cernobbio i Italien. Enligt Reuters efterlyste han vaksamhet och tydliga reaktioner n\u00e4r ansvariga kan identifieras. Han betonade nationellt ansvar och amerikanskt st\u00f6d.<\/p>\n<p class=\"wp-block-paragraph\">Den amerikanska markeringen inneb\u00e4r inte att Nato har beslutat om en ny milit\u00e4r svars\u00e5tg\u00e4rd. D\u00e4remot aktualiserar den en fr\u00e5ga som redan \u00e4r central f\u00f6r Sverige: hur ett land skyddar samh\u00e4llsviktig verksamhet mot avsiktliga angrepp som kan vara sv\u00e5ra att skilja fr\u00e5n olyckor, brott och tekniska fel.<\/p>\n<p>Tyskland pekar ut Ryssland efter dr\u00f6narattentatet<\/p>\n<p class=\"wp-block-paragraph\">Vid Leipzig\/Halle hittades i b\u00f6rjan av augusti en dr\u00f6nare med spr\u00e4ngladdning n\u00e4ra ett ukrainskt flygplan. Laddningen oskadliggjordes. Flygplatsen \u00e4r en betydelsefull knutpunkt f\u00f6r internationell frakt och f\u00f6r st\u00f6det till Ukraina.<\/p>\n<p class=\"wp-block-paragraph\">Den 1 september pekade den tyska regeringen offentligt ut Ryssland som ansvarigt. Inrikesminister Alexander Dobrindt h\u00e4nvisade till tekniska k\u00e4nnetecken, polisens utredning och underr\u00e4ttelseuppgifter.<\/p>\n<p class=\"wp-block-paragraph\">Ryssland f\u00f6rnekar inblandning och har avvisat anklagelserna som falska.<\/p>\n<p class=\"wp-block-paragraph\">Den tyska regeringen daterar angreppet till den 4 augusti. I sitt besked om mot\u00e5tg\u00e4rder aviserade Berlin bland annat st\u00e4ngning av det ryska generalkonsulatet i Bonn och Ryska huset i Berlin. Regeringen meddelade ocks\u00e5 att skyddet mot hybridangrepp ska f\u00f6rst\u00e4rkas och att st\u00f6det till Ukraina forts\u00e4tter.<\/p>\n<p class=\"wp-block-paragraph\">Utpekandet betyder att Tyskland har tagit politisk st\u00e4llning till vem som ligger bakom. Det ska h\u00e5llas is\u00e4r fr\u00e5n en domstolspr\u00f6vning av enskilda personers ansvar.<\/p>\n<p class=\"wp-block-paragraph\">De aviserade mot\u00e5tg\u00e4rderna visar samtidigt att ett svar p\u00e5 ett misst\u00e4nkt statligt organiserat attentat kan vara diplomatiskt. En regering kan agera mot den stat som den h\u00e5ller ansvarig samtidigt som utredningen av sj\u00e4lva g\u00e4rningen forts\u00e4tter.<\/p>\n<p>Hybridattacker kan omfattas av Natos f\u00f6rsvar<\/p>\n<p class=\"wp-block-paragraph\">Sabotage, cyberangrepp och desinformation \u00e4r exempel p\u00e5 metoder som kan ing\u00e5 i hybridkrigf\u00f6ring. De kan anv\u00e4ndas tillsammans f\u00f6r att st\u00f6ra samh\u00e4llsfunktioner, skapa os\u00e4kerhet och f\u00f6rsvaga f\u00f6rtroendet f\u00f6r myndigheter och politiska beslut.<\/p>\n<p class=\"wp-block-paragraph\">En del av sv\u00e5righeten \u00e4r att angreppen kan genomf\u00f6ras utan att den bakomliggande staten \u00f6ppet upptr\u00e4der som angripare. D\u00e4rf\u00f6r f\u00e5r utredningen av b\u00e5de h\u00e4ndelsen och uppdragsgivaren stor betydelse f\u00f6r hur ett land kan svara. Begreppen f\u00f6rklaras n\u00e4rmare i v\u00e5r genomg\u00e5ng av <a href=\"https:\/\/hurbra.se\/vad-ar-hybridkrig\/\" rel=\"nofollow noopener\" target=\"_blank\">vad hybridkrig \u00e4r<\/a>.<\/p>\n<p class=\"wp-block-paragraph\">Enligt <a href=\"https:\/\/www.nato.int\/en\/what-we-do\/deterrence-and-defence\/countering-hybrid-threats\" rel=\"nofollow noopener\" target=\"_blank\">Natos arbete mot hybridhot<\/a> ligger det huvudsakliga ansvaret f\u00f6r att hantera hot och angrepp hos det utsatta landet. Alliansen kan bist\u00e5 med bland annat underr\u00e4ttelser, expertkunskap, \u00f6vningar och st\u00f6d till skyddet av kritisk infrastruktur.<\/p>\n<p class=\"wp-block-paragraph\">Sedan 2016 har Nato uttryckligen sagt att hybridangrepp mot medlemsl\u00e4nder kan leda till att artikel 5 \u00e5beropas. M\u00f6jligheten fanns allts\u00e5 f\u00f6re Whitakers senaste uttalande.<\/p>\n<p>Artikel 5 utl\u00f6ses inte av varje sabotage<\/p>\n<p class=\"wp-block-paragraph\">Artikel 5 inneb\u00e4r att ett v\u00e4pnat angrepp mot ett medlemsland betraktas som ett angrepp mot alla. Allvarliga cyberangrepp och andra hybridangrepp kan bed\u00f6mas som v\u00e4pnade angrepp, men det avg\u00f6rs fr\u00e5n fall till fall.<\/p>\n<p class=\"wp-block-paragraph\">Det r\u00e4cker d\u00e4rf\u00f6r inte att en h\u00e4ndelse kallas hybridattack f\u00f6r att sl\u00e5 fast att den omfattas av den kollektiva f\u00f6rsvarsf\u00f6rpliktelsen. H\u00e4ndelsens karakt\u00e4r m\u00e5ste bed\u00f6mas.<\/p>\n<p class=\"wp-block-paragraph\">\u00c4ven n\u00e4r artikel 5 \u00e4r till\u00e4mplig beh\u00f6ver alla l\u00e4nders hj\u00e4lp inte best\u00e5 av v\u00e4pnat v\u00e5ld. Medlemsl\u00e4nderna \u00e4r skyldiga att bist\u00e5, men varje land avg\u00f6r vilka \u00e5tg\u00e4rder det anser n\u00f6dv\u00e4ndiga.<\/p>\n<p class=\"wp-block-paragraph\">Artikel 4 fyller en annan funktion. Den ger m\u00f6jlighet till konsultationer n\u00e4r ett medlemsland anser att dess s\u00e4kerhet \u00e4r hotad. S\u00e5dana samtal inneb\u00e4r inte automatiskt att artikel 5 ska \u00e5beropas.<\/p>\n<p class=\"wp-block-paragraph\">F\u00f6r Sverige betyder detta att det finns flera former av allierat st\u00f6d. Underr\u00e4ttelsesamarbete, hj\u00e4lp att skydda infrastruktur och politiska mot\u00e5tg\u00e4rder beh\u00f6ver inte v\u00e4nta p\u00e5 att en h\u00e4ndelse bed\u00f6ms som ett v\u00e4pnat angrepp.<\/p>\n<p>Sverige har redan utsatts f\u00f6r angreppsf\u00f6rs\u00f6k<\/p>\n<p class=\"wp-block-paragraph\">S\u00e4kerhetspolisens l\u00e4gesbild f\u00f6r 2025\u20132026 beskriver sabotagehotet fr\u00e5n Ryssland som reellt och som en del av den ryska strategin att destabilisera europeiska l\u00e4nder.<\/p>\n<p class=\"wp-block-paragraph\">Det finns ocks\u00e5 ett konkret svenskt exempel inom just energif\u00f6rs\u00f6rjningen. V\u00e5ren 2025 utsattes ett v\u00e4rmeverk i V\u00e4stsverige f\u00f6r ett angreppsf\u00f6rs\u00f6k av en prorysk grupp. H\u00e4ndelsen offentliggjordes av minister f\u00f6r civilt f\u00f6rsvar Carl-Oskar Bohlin den 15 april 2026.<\/p>\n<p class=\"wp-block-paragraph\">Enligt Bohlin hade gruppen kopplingar till rysk underr\u00e4ttelse- och s\u00e4kerhetstj\u00e4nst. Angreppsf\u00f6rs\u00f6ket misslyckades och fick inga allvarliga konsekvenser.<\/p>\n<p class=\"wp-block-paragraph\">Fallet visar varf\u00f6r energianl\u00e4ggningar ing\u00e5r i diskussionen om hybridangrepp \u00e4ven i Sverige. Det handlar om verksamheter vars drift p\u00e5verkar m\u00e4nniskor och f\u00f6retag, och d\u00e4r ett digitalt angrepp kan syfta till att st\u00f6ra en fysisk funktion.<\/p>\n<p class=\"wp-block-paragraph\">S\u00e4pos hotbild inneb\u00e4r d\u00e4remot inte att varje driftst\u00f6rning eller misst\u00e4nkt incident kan tillskrivas Ryssland. Orsak och ansvar m\u00e5ste utredas i det enskilda fallet. Ett sabotagehot ska ocks\u00e5 skiljas fr\u00e5n bed\u00f6mningen av risken f\u00f6r ett st\u00f6rre milit\u00e4rt angrepp, som vi tog upp i artikeln om <a href=\"https:\/\/hurbra.se\/nato-ryskt-angrepp-hybridattacker-30-augusti-2026\/\" rel=\"nofollow noopener\" target=\"_blank\">Natos besked den 30 augusti<\/a>.<\/p>\n<p>\u00d6stersj\u00f6n knyter ihop civil och milit\u00e4r s\u00e4kerhet<\/p>\n<p class=\"wp-block-paragraph\">Den svenska s\u00e4kerheten \u00e4r beroende av att f\u00f6rbindelserna med omv\u00e4rlden fungerar. El, kommunikationer och transporter beh\u00f6vs i vardagen, men ocks\u00e5 n\u00e4r myndigheter och f\u00f6rsvar ska hantera en kris.<\/p>\n<tr>InfrastrukturBetydelse f\u00f6r Sverige<\/tr>\n<tr>\n<td>Energif\u00f6rs\u00f6rjning<\/td>\n<td>El och v\u00e4rme beh\u00f6vs f\u00f6r hush\u00e5ll, f\u00f6retag och samh\u00e4llsviktig verksamhet.<\/td>\n<\/tr>\n<tr>\n<td>Undervattenskablar<\/td>\n<td>F\u00f6rbindelser f\u00f6r energi och kommunikation knyter samman l\u00e4nderna runt \u00d6stersj\u00f6n.<\/td>\n<\/tr>\n<tr>\n<td>Hamnar och flygplatser<\/td>\n<td>Transportknutpunkter beh\u00f6vs f\u00f6r handel, f\u00f6rs\u00f6rjning och logistiskt st\u00f6d.<\/td>\n<\/tr>\n<p class=\"wp-block-paragraph\">Nato lanserade Baltic Sentry den 14 januari 2025 f\u00f6r att \u00f6ka den milit\u00e4ra n\u00e4rvaron och st\u00e4rka skyddet av kritisk undervattensinfrastruktur i \u00d6stersj\u00f6n.<\/p>\n<p class=\"wp-block-paragraph\">Vid starten beskrev alliansen insatser med bland annat fregatter, havs\u00f6vervakningsflyg och nya marina dr\u00f6nartekniker. Nationella \u00f6vervakningsresurser skulle ocks\u00e5 knytas n\u00e4rmare varandra f\u00f6r att f\u00f6rb\u00e4ttra m\u00f6jligheterna att uppt\u00e4cka och reagera p\u00e5 hot.<\/p>\n<p class=\"wp-block-paragraph\">Initiativet visar att skyddet av infrastrukturen redan har f\u00e5tt en tydligare milit\u00e4r del. Samtidigt kr\u00e4vs information fr\u00e5n dem som driver kablarna och fr\u00e5n civila myndigheter. Ett \u00f6rlogsfartyg kan bidra till \u00f6vervakningen, men kan inte ensamt avg\u00f6ra varf\u00f6r en f\u00f6rbindelse har slutat fungera.<\/p>\n<p>Kustbevakningen ska samla varningar och l\u00e4gesbild<\/p>\n<p class=\"wp-block-paragraph\">Den 27 februari 2026 gav regeringen Kustbevakningen uppdraget att vara Sveriges nationella kontaktpunkt i ett finsklett samarbete f\u00f6r integrerad \u00f6vervakning av \u00d6stersj\u00f6n.<\/p>\n<p class=\"wp-block-paragraph\">Samarbetet ska ge en gemensam l\u00e4gesbild och underl\u00e4tta samordnade insatser mellan l\u00e4ndernas myndigheter. Skyddet omfattar kritisk undervattensinfrastruktur, som kablar och r\u00f6rledningar.<\/p>\n<p class=\"wp-block-paragraph\">Det \u00e4r ett konkret exempel p\u00e5 hur det nationella ansvaret och det internationella samarbetet f\u00f6renas. Sverige beh\u00f6ver kunna uppt\u00e4cka och hantera h\u00e4ndelser i sitt n\u00e4romr\u00e5de, samtidigt som information delas \u00f6ver gr\u00e4nserna.<\/p>\n<p class=\"wp-block-paragraph\">Kustbevakningens uppdrag ska genomf\u00f6ras i n\u00e4ra samverkan med F\u00f6rsvarsmakten och i samarbete med bland andra Post- och telestyrelsen, Myndigheten f\u00f6r civilt f\u00f6rsvar, Svenska kraftn\u00e4t och Polismyndigheten.<\/p>\n<p class=\"wp-block-paragraph\">I uppdraget ing\u00e5r ocks\u00e5 kontakter med EU, Nato och privata kabeloperat\u00f6rer f\u00f6r att kunna ta emot omedelbara varningar om st\u00f6rningar p\u00e5 undervattenskablar. Informationen fr\u00e5n den civila driften ska d\u00e4rmed kunna n\u00e5 de akt\u00f6rer som \u00f6vervakar omr\u00e5det och samordnar insatserna.<\/p>\n","protected":false},"excerpt":{"rendered":"Natol\u00e4nderna ska inte tolerera avsiktliga hybridattacker, s\u00e4ger USA:s Natoambassad\u00f6r Matthew Whitaker efter det avv\u00e4rjda dr\u00f6narattentatet vid Leipzig\/Halle. Han&hellip;\n","protected":false},"author":2,"featured_media":367622,"comment_status":"","ping_status":"","sticky":false,"template":"","format":"standard","meta":{"footnotes":"","_share_on_mastodon":"0"},"categories":[14],"tags":[22,23,26,27,17,21,41974,42436,24,25,28,29,42437,999,15,16,1647,18,264,34,31,33,32,30,19,20,74,51,52,53,54],"class_list":["post-367621","post","type-post","status-publish","format-standard","has-post-thumbnail","category-varlden","tag-breaking-news","tag-breakingnews","tag-featured-news","tag-featurednews","tag-headlines","tag-huvudnyheter","tag-hybridkrig","tag-kritisk-infrastruktur","tag-latest-news","tag-latestnews","tag-main-news","tag-mainnews","tag-matthew-whitaker","tag-nato","tag-news","tag-nyheter","tag-ostersjon","tag-rubriker","tag-ryssland","tag-se","tag-svenska","tag-sverige","tag-sweden","tag-swedish","tag-top-stories","tag-topstories","tag-usa","tag-varlden","tag-world","tag-world-news","tag-worldnews"],"share_on_mastodon":{"url":"https:\/\/pubeurope.com\/@se\/117219852759644740","error":""},"_links":{"self":[{"href":"https:\/\/www.europesays.com\/se\/wp-json\/wp\/v2\/posts\/367621","targetHints":{"allow":["GET"]}}],"collection":[{"href":"https:\/\/www.europesays.com\/se\/wp-json\/wp\/v2\/posts"}],"about":[{"href":"https:\/\/www.europesays.com\/se\/wp-json\/wp\/v2\/types\/post"}],"author":[{"embeddable":true,"href":"https:\/\/www.europesays.com\/se\/wp-json\/wp\/v2\/users\/2"}],"replies":[{"embeddable":true,"href":"https:\/\/www.europesays.com\/se\/wp-json\/wp\/v2\/comments?post=367621"}],"version-history":[{"count":0,"href":"https:\/\/www.europesays.com\/se\/wp-json\/wp\/v2\/posts\/367621\/revisions"}],"wp:featuredmedia":[{"embeddable":true,"href":"https:\/\/www.europesays.com\/se\/wp-json\/wp\/v2\/media\/367622"}],"wp:attachment":[{"href":"https:\/\/www.europesays.com\/se\/wp-json\/wp\/v2\/media?parent=367621"}],"wp:term":[{"taxonomy":"category","embeddable":true,"href":"https:\/\/www.europesays.com\/se\/wp-json\/wp\/v2\/categories?post=367621"},{"taxonomy":"post_tag","embeddable":true,"href":"https:\/\/www.europesays.com\/se\/wp-json\/wp\/v2\/tags?post=367621"}],"curies":[{"name":"wp","href":"https:\/\/api.w.org\/{rel}","templated":true}]}}