{"id":367651,"date":"2026-09-05T19:11:31","date_gmt":"2026-09-05T19:11:31","guid":{"rendered":"https:\/\/www.europesays.com\/se\/367651\/"},"modified":"2026-09-05T19:11:31","modified_gmt":"2026-09-05T19:11:31","slug":"trump-jag-kanner-putin-han-kommer-inte-attackera-nato","status":"publish","type":"post","link":"https:\/\/www.europesays.com\/se\/367651\/","title":{"rendered":"Trump: Jag k\u00e4nner Putin \u2013 han kommer inte attackera Nato"},"content":{"rendered":"<p>Donald Trump avf\u00e4rdar uppgifterna om att Ryssland ligger bakom sabotaged\u00e5d mot grannl\u00e4nder, rapporterar Politico.<\/p>\n<p>\u2013 Jag k\u00e4nner Putin v\u00e4ldigt bra. Han kommer inte att attackera n\u00e5got Natoland, s\u00e4ger Trump.<\/p>\n<p>Den amerikanska presidenten fick p\u00e5 fredagen fr\u00e5gor bland annat om de bombdr\u00f6nare som uppt\u00e4ckts p\u00e5 en flygplats i Tyskland tidigare i sommar. Enligt europeiska underr\u00e4ttelsetj\u00e4nster var dr\u00f6narna troligen ryska. <\/p>\n<p>Omni \u00e4r politiskt obundna och oberoende. Vi str\u00e4var efter att ge fler perspektiv p\u00e5 nyheterna. Har du fr\u00e5gor eller synpunkter kring v\u00e5r rapportering? <a href=\"https:\/\/omni.se\/trump-jag-kanner-putin-han-kommer-inte-attackera-nato\/a\/mailto:redaktion@omni.se\" class=\"ArticleActions-module-scss-module__w9u9BG__contactLink\" rel=\"nofollow noopener\" target=\"_blank\">Kontakta redaktionen<\/a><\/p>\n","protected":false},"excerpt":{"rendered":"Donald Trump avf\u00e4rdar uppgifterna om att Ryssland ligger bakom sabotaged\u00e5d mot grannl\u00e4nder, rapporterar Politico. \u2013 Jag k\u00e4nner Putin&hellip;\n","protected":false},"author":2,"featured_media":367652,"comment_status":"","ping_status":"","sticky":false,"template":"","format":"standard","meta":{"footnotes":"","_share_on_mastodon":"0"},"categories":[14],"tags":[22,23,385,267,26,27,17,21,24,25,28,29,999,15,268,16,18,269,264,34,31,33,32,30,19,20,386,408,74,51,52,53,54],"class_list":["post-367651","post","type-post","status-publish","format-standard","has-post-thumbnail","category-varlden","tag-breaking-news","tag-breakingnews","tag-donald-trump","tag-europa","tag-featured-news","tag-featurednews","tag-headlines","tag-huvudnyheter","tag-latest-news","tag-latestnews","tag-main-news","tag-mainnews","tag-nato","tag-news","tag-nordamerika","tag-nyheter","tag-rubriker","tag-ryska-invasionen","tag-ryssland","tag-se","tag-svenska","tag-sverige","tag-sweden","tag-swedish","tag-top-stories","tag-topstories","tag-trumps-usa","tag-tyskland","tag-usa","tag-varlden","tag-world","tag-world-news","tag-worldnews"],"share_on_mastodon":{"url":"https:\/\/pubeurope.com\/@se\/117220021685548867","error":""},"_links":{"self":[{"href":"https:\/\/www.europesays.com\/se\/wp-json\/wp\/v2\/posts\/367651","targetHints":{"allow":["GET"]}}],"collection":[{"href":"https:\/\/www.europesays.com\/se\/wp-json\/wp\/v2\/posts"}],"about":[{"href":"https:\/\/www.europesays.com\/se\/wp-json\/wp\/v2\/types\/post"}],"author":[{"embeddable":true,"href":"https:\/\/www.europesays.com\/se\/wp-json\/wp\/v2\/users\/2"}],"replies":[{"embeddable":true,"href":"https:\/\/www.europesays.com\/se\/wp-json\/wp\/v2\/comments?post=367651"}],"version-history":[{"count":0,"href":"https:\/\/www.europesays.com\/se\/wp-json\/wp\/v2\/posts\/367651\/revisions"}],"wp:featuredmedia":[{"embeddable":true,"href":"https:\/\/www.europesays.com\/se\/wp-json\/wp\/v2\/media\/367652"}],"wp:attachment":[{"href":"https:\/\/www.europesays.com\/se\/wp-json\/wp\/v2\/media?parent=367651"}],"wp:term":[{"taxonomy":"category","embeddable":true,"href":"https:\/\/www.europesays.com\/se\/wp-json\/wp\/v2\/categories?post=367651"},{"taxonomy":"post_tag","embeddable":true,"href":"https:\/\/www.europesays.com\/se\/wp-json\/wp\/v2\/tags?post=367651"}],"curies":[{"name":"wp","href":"https:\/\/api.w.org\/{rel}","templated":true}]}}