{"id":367661,"date":"2026-09-05T19:32:12","date_gmt":"2026-09-05T19:32:12","guid":{"rendered":"https:\/\/www.europesays.com\/se\/367661\/"},"modified":"2026-09-05T19:32:12","modified_gmt":"2026-09-05T19:32:12","slug":"500-bayern-supportrar-portade-efter-slagsmal-utanfor-arenan-fotboll","status":"publish","type":"post","link":"https:\/\/www.europesays.com\/se\/367661\/","title":{"rendered":"500 Bayern-supportrar portade \u2013 efter slagsm\u00e5l utanf\u00f6r arenan | Fotboll"},"content":{"rendered":"<p>Uppdaterad 5 sep 2026 kl 20.57Publicerad 5 sep 2026 kl 20.49<\/p>\n<p>Ett enormt slagsm\u00e5l br\u00f6t ut p\u00e5 en parkering inf\u00f6r Schalke\u2013Bayern M\u00fcnchen.<\/p>\n<p>D\u00e5 blev 500 bortasupportrar portade fr\u00e5n matchen.<\/p>\n<p><img   alt=\"\"\/><\/p>\n<p>Schalke 04 tar emot Bayern M\u00fcnchen under l\u00f6rdagskv\u00e4llen.<\/p>\n<p>Foto: CHRISTOPHER NEUNDORF \/ EPA<\/p>\n<p>\u00d6ppna bild i helsk\u00e4rm<\/p>\n<p>Under l\u00f6rdagskv\u00e4llen tog Schalke emot j\u00e4tten Bayern M\u00fcnchen p\u00e5 hemmaplan.\u00a0<\/p>\n<p>F\u00f6r 500 bortasupportrar blev det dock ingen match.<\/p>\n<p>Enligt uppgifter till b\u00e5de Bild och <a href=\"https:\/\/www.sport1.de\/news\/fussball\/bundesliga\/2026\/09\/platzverweis-fuer-fans-des-fc-bayern-vor-schalke-spiel\" rel=\"nofollow noopener\" target=\"_blank\">Sport1<\/a> blev samtliga gripna av polis och nekade tilltr\u00e4de till arenan. Det med anledning av att ett enormt slagsm\u00e5l brutit ut p\u00e5 en parkering utanf\u00f6r Veltins arena. Br\u00e5ket ska ha involverat b\u00e5de bortasupportrar och Schalke-anh\u00e4ngare. Det finns inga uppgifter kring huruvida Schalke-supportrar gripits eller avl\u00e4gsnats fr\u00e5n omr\u00e5det.<\/p>\n<p>Vidare uppger <a href=\"https:\/\/www.bild.de\/sport\/fussball\/bayern-muenchen-500-fans-duerfen-nach-einer-pruegelei-nicht-ins-schalke-stadion-6a9c4445fd8102779ee4a4e4\" rel=\"nofollow noopener\" target=\"_blank\">Bild<\/a> att Bayerns tillresta ultrasgruppering bojkottade matchen helt \u2013 med anledning av de supportrar som nekats tilltr\u00e4det.<\/p>\n<p>Matchen slutade 0\u20130. Det \u00e4r Bayern M\u00fcnchens f\u00f6rsta po\u00e4ngtapp mot Schalke sedan februari 2017.<\/p>\n","protected":false},"excerpt":{"rendered":"Uppdaterad 5 sep 2026 kl 20.57Publicerad 5 sep 2026 kl 20.49 Ett enormt slagsm\u00e5l br\u00f6t ut p\u00e5 en&hellip;\n","protected":false},"author":2,"featured_media":367662,"comment_status":"","ping_status":"","sticky":false,"template":"","format":"standard","meta":{"footnotes":"","_share_on_mastodon":"0"},"categories":[68],"tags":[138,34,111,110,31,33,32,30],"class_list":["post-367661","post","type-post","status-publish","format-standard","has-post-thumbnail","category-sport","tag-fotboll","tag-se","tag-sport","tag-sports","tag-svenska","tag-sverige","tag-sweden","tag-swedish"],"share_on_mastodon":{"url":"","error":""},"_links":{"self":[{"href":"https:\/\/www.europesays.com\/se\/wp-json\/wp\/v2\/posts\/367661","targetHints":{"allow":["GET"]}}],"collection":[{"href":"https:\/\/www.europesays.com\/se\/wp-json\/wp\/v2\/posts"}],"about":[{"href":"https:\/\/www.europesays.com\/se\/wp-json\/wp\/v2\/types\/post"}],"author":[{"embeddable":true,"href":"https:\/\/www.europesays.com\/se\/wp-json\/wp\/v2\/users\/2"}],"replies":[{"embeddable":true,"href":"https:\/\/www.europesays.com\/se\/wp-json\/wp\/v2\/comments?post=367661"}],"version-history":[{"count":0,"href":"https:\/\/www.europesays.com\/se\/wp-json\/wp\/v2\/posts\/367661\/revisions"}],"wp:featuredmedia":[{"embeddable":true,"href":"https:\/\/www.europesays.com\/se\/wp-json\/wp\/v2\/media\/367662"}],"wp:attachment":[{"href":"https:\/\/www.europesays.com\/se\/wp-json\/wp\/v2\/media?parent=367661"}],"wp:term":[{"taxonomy":"category","embeddable":true,"href":"https:\/\/www.europesays.com\/se\/wp-json\/wp\/v2\/categories?post=367661"},{"taxonomy":"post_tag","embeddable":true,"href":"https:\/\/www.europesays.com\/se\/wp-json\/wp\/v2\/tags?post=367661"}],"curies":[{"name":"wp","href":"https:\/\/api.w.org\/{rel}","templated":true}]}}