{"id":367689,"date":"2026-09-05T20:30:19","date_gmt":"2026-09-05T20:30:19","guid":{"rendered":"https:\/\/www.europesays.com\/se\/367689\/"},"modified":"2026-09-05T20:30:19","modified_gmt":"2026-09-05T20:30:19","slug":"skandalscener-i-eredivisie-match-avbruten","status":"publish","type":"post","link":"https:\/\/www.europesays.com\/se\/367689\/","title":{"rendered":"Skandalscener i Eredivisie \u2013 match avbruten"},"content":{"rendered":"<p>  <a class=\"_link_1lr5y_108\" href=\"https:\/\/aftonbladet.se\/av\/albin-ekstrom\" title=\"Albin Ekstr\u00f6m\" rel=\"nofollow noopener\" target=\"_blank\"><img alt=\"Bild av Albin Ekstr\u00f6m\" class=\"_image_1lr5y_85\" fetchpriority=\"low\" decoding=\"async\" itemprop=\"image\" loading=\"lazy\"  src=\"https:\/\/www.europesays.com\/se\/wp-content\/uploads\/2026\/09\/1788640218_602_581a6679-21c5-4174-8ca1-9b6fec7d07a6.png\"  width=\"480\"\/><\/a> <img alt=\"\" class=\"_image_1jxax_84 layout-component layout-wide\" data-fullscreen- data-track-element-type=\"Article image fullscreen\" data-track-name=\"ImageFullscreen\" fetchpriority=\"high\" decoding=\"sync\" loading=\"eager\" height=\"466\" itemprop=\"image\"  src=\"https:\/\/www.europesays.com\/se\/wp-content\/uploads\/2026\/09\/8e24b9eb-275c-3749-95f4-bbeb7125044e.png\"  style=\"object-position:0% 0%\" width=\"795\"\/><\/p>\n<p class=\"_textTheme_4io5p_1 _lead_16k26_2 _lead_3ue4t_18 layout-component layout-normal layout-padded _lead_o6m9k_5 _leadTheme_cypwp_1 body-large bold\">Svenske Victor Edvardsen, 30, gjorde m\u00e5l i skandalmatchen.<\/p>\n<p class=\"_textTheme_4io5p_1 _lead_16k26_2 _lead_3ue4t_18 layout-component layout-normal layout-padded _lead_o6m9k_5 _leadTheme_cypwp_1 body-large bold\">FC Utrecht\u2013Go Ahead Eagles kommer inte att spelas klart under l\u00f6rdagen.<\/p>\n<p class=\"_textTheme_4io5p_1 _lead_16k26_2 _lead_3ue4t_18 layout-component layout-normal layout-padded _lead_o6m9k_5 _leadTheme_cypwp_1 body-large bold\">\u2013 Vi visste redan p\u00e5 f\u00f6rhand att det f\u00f6rmodligen skulle h\u00e4nda, s\u00e4ger Joris Kramer till <a href=\"https:\/\/www.espn.nl\/voetbal\/artikel\/_\/id\/17214300\/kramer-na-bierdouche-en-staking-ik-neem-een-heel-klein-beetje-de-schuld-op-me\" class=\"_link_16k26_32\" rel=\"nofollow noopener\" target=\"_blank\">ESPN<\/a>.<\/p>\n<p class=\"_textTheme_4io5p_1 _paragraph_16k26_4 _paragraph_3ue4t_27 layout-component layout-normal layout-padded body-medium\">Tv\u00e5 g\u00e5nger avbr\u00f6ts matchen i nederl\u00e4ndska Eredivisie.<\/p>\n<p class=\"_textTheme_4io5p_1 _paragraph_16k26_4 _paragraph_3ue4t_27 layout-component layout-normal layout-padded body-medium\">F\u00f6rsta g\u00e5ngen var efter en timmes spel. FC Utrecht, som har startat s\u00e4songen uselt, l\u00e5g under med 0\u20133 n\u00e4r anh\u00e4ngare till klubben kastade in pyroteknik p\u00e5 planen, rapporterar <a href=\"https:\/\/www.telegraaf.nl\/sport\/voetbal\/live-eredivisie-fc-utrecht-go-ahead-eagles-definitief-gestaakt-na-vuurwerk-en-bekers-op-het-veld\/160972127.html\" class=\"_link_16k26_32\" rel=\"nofollow noopener\" target=\"_blank\">De Telegraaf<\/a>.<\/p>\n<p class=\"_textTheme_4io5p_1 _paragraph_16k26_4 _paragraph_3ue4t_27 layout-component layout-normal layout-padded body-medium\">\u2013 Man har f\u00f6rs\u00f6kt identifiera personerna som kastade pyrotekniken. Det \u00e4r v\u00e4ldigt sv\u00e5rt. Det h\u00e4r r\u00e4knas som ett f\u00f6rsta avbrott i matchen. Om det h\u00e4nder en g\u00e5ng till \u00e4r matchen definitivt \u00f6ver. Jag g\u00f6r bara mitt jobb. Jag avskyr verkligen det h\u00e4r, s\u00e4ger domaren Martin van den Kerkhof enligt tidningen.<\/p>\n<p> <img alt=\"\" class=\"_image_1jxax_84 layout-component layout-normal\" data-fullscreen- data-track-element-type=\"Article image fullscreen\" data-track-name=\"ImageFullscreen\" decoding=\"async\" loading=\"lazy\" height=\"491\" itemprop=\"image\"  src=\"https:\/\/www.europesays.com\/se\/wp-content\/uploads\/2026\/09\/016f6e0c-bce3-34e2-a845-5f7f02e5e728.png\"  style=\"object-position:0% 0%\" width=\"805\"\/> <\/p>\n<p class=\"_textTheme_4io5p_1 _paragraph_16k26_4 _paragraph_3ue4t_27 layout-component layout-normal layout-padded body-medium\">Och det h\u00e4nde en g\u00e5ng till, kort senare efter att spelet \u00e5terupptagits. <\/p>\n<p class=\"_textTheme_4io5p_1 _paragraph_16k26_4 _paragraph_3ue4t_27 layout-component layout-normal layout-padded body-medium\">I samband med Utrechts 1\u20133-reducering hindrade g\u00e4sternas Joris Kramer m\u00e5lskytten Dani de Wit fr\u00e5n att h\u00e4mta bollen ur n\u00e4tet. D\u00e5 kastades det ner flera muggar fr\u00e5n l\u00e4ktaren och Kramer fick en \u00f6ldusch.<\/p>\n<p class=\"_textTheme_4io5p_1 _paragraph_16k26_4 _paragraph_3ue4t_27 layout-component layout-normal layout-padded body-medium\">\u2013 Jag k\u00e4nner lukten, s\u00e4ger han till ESPN.<\/p>\n<p> Varnades p\u00e5 morgonen <\/p>\n<p class=\"_textTheme_4io5p_1 _paragraph_16k26_4 _paragraph_3ue4t_27 layout-component layout-normal layout-padded body-medium\">De inkastade f\u00f6rem\u00e5len, f\u00f6r andra g\u00e5ngen under kv\u00e4llen, innebar att matchen avbr\u00f6ts och spelades inte klart under l\u00f6rdagen.<\/p>\n<p class=\"_textTheme_4io5p_1 _paragraph_16k26_4 _paragraph_3ue4t_27 layout-component layout-normal layout-padded body-medium\">\u2013 Det \u00e4r synd att det h\u00e4nder. Jag tar p\u00e5 mig en v\u00e4ldigt liten del av skulden, eftersom jag sj\u00e4lv provocerar fram det. Men det \u00e4r f\u00f6rst\u00e5s de som kastar och det \u00e4r tr\u00e5kigt. Helst hade man bara velat spela klart matchen snabbt, s\u00e4ger Kramer.<\/p>\n<p class=\"_textTheme_4io5p_1 _paragraph_16k26_4 _paragraph_3ue4t_27 layout-component layout-normal layout-padded body-medium\">Enligt honom s\u00e5 var det ingen \u00f6verraskning att det utspelade sig skandalscener.<\/p>\n<p class=\"_textTheme_4io5p_1 _paragraph_16k26_4 _paragraph_3ue4t_27 layout-component layout-normal layout-padded body-medium\">\u2013 Vi hade redan f\u00e5tt viss information i gruppchatten fr\u00e5n v\u00e5r s\u00e4kerhetspersonal i morse, s\u00e4ger Kramer.<\/p>\n<p class=\"_textTheme_4io5p_1 _paragraph_16k26_4 _paragraph_3ue4t_27 layout-component layout-normal layout-padded body-medium\">Det spekuleras i att matchen kan komma att spelas klart under m\u00e5ndagen eller tisdagen inf\u00f6r tomma l\u00e4ktare.<\/p>\n<p class=\"_textTheme_4io5p_1 _paragraph_16k26_4 _paragraph_3ue4t_27 layout-component layout-normal layout-padded body-medium\">Victor Edvardsen satte dit 3\u20130 f\u00f6r Go Ahead Eagles i den 58:e minuten.<\/p>\n","protected":false},"excerpt":{"rendered":"Svenske Victor Edvardsen, 30, gjorde m\u00e5l i skandalmatchen. FC Utrecht\u2013Go Ahead Eagles kommer inte att spelas klart under&hellip;\n","protected":false},"author":2,"featured_media":367690,"comment_status":"","ping_status":"","sticky":false,"template":"","format":"standard","meta":{"footnotes":"","_share_on_mastodon":"0"},"categories":[68],"tags":[40828,138,34,111,110,31,33,32,30,37742],"class_list":["post-367689","post","type-post","status-publish","format-standard","has-post-thumbnail","category-sport","tag-eredivisie","tag-fotboll","tag-se","tag-sport","tag-sports","tag-svenska","tag-sverige","tag-sweden","tag-swedish","tag-victor-edvardsen"],"share_on_mastodon":{"url":"https:\/\/pubeurope.com\/@se\/117220333048132124","error":""},"_links":{"self":[{"href":"https:\/\/www.europesays.com\/se\/wp-json\/wp\/v2\/posts\/367689","targetHints":{"allow":["GET"]}}],"collection":[{"href":"https:\/\/www.europesays.com\/se\/wp-json\/wp\/v2\/posts"}],"about":[{"href":"https:\/\/www.europesays.com\/se\/wp-json\/wp\/v2\/types\/post"}],"author":[{"embeddable":true,"href":"https:\/\/www.europesays.com\/se\/wp-json\/wp\/v2\/users\/2"}],"replies":[{"embeddable":true,"href":"https:\/\/www.europesays.com\/se\/wp-json\/wp\/v2\/comments?post=367689"}],"version-history":[{"count":0,"href":"https:\/\/www.europesays.com\/se\/wp-json\/wp\/v2\/posts\/367689\/revisions"}],"wp:featuredmedia":[{"embeddable":true,"href":"https:\/\/www.europesays.com\/se\/wp-json\/wp\/v2\/media\/367690"}],"wp:attachment":[{"href":"https:\/\/www.europesays.com\/se\/wp-json\/wp\/v2\/media?parent=367689"}],"wp:term":[{"taxonomy":"category","embeddable":true,"href":"https:\/\/www.europesays.com\/se\/wp-json\/wp\/v2\/categories?post=367689"},{"taxonomy":"post_tag","embeddable":true,"href":"https:\/\/www.europesays.com\/se\/wp-json\/wp\/v2\/tags?post=367689"}],"curies":[{"name":"wp","href":"https:\/\/api.w.org\/{rel}","templated":true}]}}