{"id":367699,"date":"2026-09-05T20:44:13","date_gmt":"2026-09-05T20:44:13","guid":{"rendered":"https:\/\/www.europesays.com\/se\/367699\/"},"modified":"2026-09-05T20:44:13","modified_gmt":"2026-09-05T20:44:13","slug":"matchen-i-eredivisie-avbruten-efter-victor-edvardsens-mal-fotboll","status":"publish","type":"post","link":"https:\/\/www.europesays.com\/se\/367699\/","title":{"rendered":"Matchen i Eredivisie avbruten \u2013 efter Victor Edvardsens m\u00e5l | Fotboll"},"content":{"rendered":"<p>Publicerad 5 sep 2026 kl 22.22<\/p>\n<p>Victor Edvardsen hade ut\u00f6kad Go Ahead Eagles ledning.<\/p>\n<p>Sedan br\u00f6ts m\u00f6tet med Utrecht efter oroliga scener.<\/p>\n<p>\u2013 Jag avskyr verkligen det h\u00e4r, s\u00e4ger domaren Martin van den Kerkhof.<\/p>\n<p><img loading=\"lazy\"   alt=\"\"\/><\/p>\n<p>Utrecht\u2013Go Ahead Eagles avbr\u00f6ts och \u00e5terupptas inte under l\u00f6rdagskv\u00e4llen.<\/p>\n<p>Foto: ANP\/SHUTTERSTOCK \/ SHUTTERSTOCK EDITORIAL\/IBL<\/p>\n<p>\u00d6ppna bild i helsk\u00e4rm<img loading=\"lazy\"   alt=\"\"\/><\/p>\n<p>Ett knallskott kastades in.<\/p>\n<p>Foto: RONALD HOOGENDOORN \/ EPA ANP<\/p>\n<p>\u00d6ppna bild i helsk\u00e4rm<\/p>\n<p>Det var i den andra halvleken under Eredivisie-m\u00f6tet som scenerna utspelade sig vid st\u00e4llningen 3\u20130.<\/p>\n<p>Mer exakt kastades det in pyroteknik fr\u00e5n Utrechts supportrar.<\/p>\n<p>Bland annat landade ett knallskott intill Go Ahead Eagles-m\u00e5lvakten Kjetil Haug och sm\u00e4llde av. Bland annat ska det ha varit en aktion f\u00f6r att visa sitt missn\u00f6je mot lagets sportsliga ledning \u2013 redan i den femte omg\u00e5ngen.<\/p>\n<p><img loading=\"lazy\"   alt=\"\"\/><\/p>\n<p>Victor Edvardsen blev m\u00e5lskytt.<\/p>\n<p>Foto: ANP\/SHUTTERSTOCK \/ SHUTTERSTOCK EDITORIAL\/IBL<\/p>\n<p>\u00d6ppna bild i helsk\u00e4rm<img loading=\"lazy\"   alt=\"\"\/> <\/p>\n<p>Foto: RONALD HOOGENDOORN \/ EPA ANP<\/p>\n<p>\u00d6ppna bild i helsk\u00e4rm<img loading=\"lazy\"   alt=\"\"\/> <\/p>\n<p>Foto: ESPN\/X<\/p>\n<p>\u00d6ppna bild i helsk\u00e4rm<\/p>\n<p>Spelarna plockades sedan av planen vid st\u00e4llningen 3\u20131.<\/p>\n<p>\u2013 Jag g\u00f6r bara mitt jobb. Jag avskyr verkligen det h\u00e4r, s\u00e4ger domaren Martin van den Kerkhof enligt <a href=\"https:\/\/www.telegraaf.nl\/sport\/voetbal\/live-eredivisie-fc-utrecht-go-ahead-eagles-definitief-gestaakt-na-vuurwerk-en-bekers-op-het-veld\/160972127.html?utm_source=sdrn%3Aaftonbladet%3Aarticle%3A6qeKlL\" rel=\"nofollow noopener\" target=\"_blank\">De Telegraaf<\/a>.<\/p>\n<p>\u201dDet \u00e4r oacceptabelt\u201d<\/p>\n<p>Matchen pausades dessutom en andra g\u00e5ng efter att en mugg kastats in fr\u00e5n l\u00e4ktaren. D\u00e5 togs beslutet att matchen inte skulle spelas klart i dag, \u00e4ven om inga individer \u00e4nnu lagf\u00f6rts f\u00f6r handlingarna. D\u00e4rmed br\u00f6ts matchen och ett nytt speldatum kommer att meddelas senare.\u00a0<\/p>\n<p>\u2013 Ni kan r\u00e4kna med att vi vidtar alla l\u00e4mpliga \u00e5tg\u00e4rder som kr\u00e4vs mot dessa individer. Vi \u00e4r besvikna. Vi tar avst\u00e5nd fr\u00e5n detta. Ett antal supportrar har uppvisat ett beteende som \u00e4r helt oacceptabelt. Vi kommer att inleda en process f\u00f6r att fastst\u00e4lla vem som gjorde detta. Detta kr\u00e4ver en grundlig analys. N\u00e4r vi har f\u00e5tt allt utrett kommer vi att vidta \u00e5tg\u00e4rder, s\u00e4ger Utrecht-toppen Edo Keuning enligt tidningen.<\/p>\n<p>25 minuter \u00e5terst\u00e5r av matchen mellan Go Ahead Eagles och Utrecht.<\/p>\n","protected":false},"excerpt":{"rendered":"Publicerad 5 sep 2026 kl 22.22 Victor Edvardsen hade ut\u00f6kad Go Ahead Eagles ledning. Sedan br\u00f6ts m\u00f6tet med&hellip;\n","protected":false},"author":2,"featured_media":367700,"comment_status":"","ping_status":"","sticky":false,"template":"","format":"standard","meta":{"footnotes":"","_share_on_mastodon":"0"},"categories":[5],"tags":[22,23,26,27,138,17,21,24,25,28,29,15,16,18,34,31,33,32,30,19,20],"class_list":["post-367699","post","type-post","status-publish","format-standard","has-post-thumbnail","category-rubriker","tag-breaking-news","tag-breakingnews","tag-featured-news","tag-featurednews","tag-fotboll","tag-headlines","tag-huvudnyheter","tag-latest-news","tag-latestnews","tag-main-news","tag-mainnews","tag-news","tag-nyheter","tag-rubriker","tag-se","tag-svenska","tag-sverige","tag-sweden","tag-swedish","tag-top-stories","tag-topstories"],"share_on_mastodon":{"url":"https:\/\/pubeurope.com\/@se\/117220387250926186","error":""},"_links":{"self":[{"href":"https:\/\/www.europesays.com\/se\/wp-json\/wp\/v2\/posts\/367699","targetHints":{"allow":["GET"]}}],"collection":[{"href":"https:\/\/www.europesays.com\/se\/wp-json\/wp\/v2\/posts"}],"about":[{"href":"https:\/\/www.europesays.com\/se\/wp-json\/wp\/v2\/types\/post"}],"author":[{"embeddable":true,"href":"https:\/\/www.europesays.com\/se\/wp-json\/wp\/v2\/users\/2"}],"replies":[{"embeddable":true,"href":"https:\/\/www.europesays.com\/se\/wp-json\/wp\/v2\/comments?post=367699"}],"version-history":[{"count":0,"href":"https:\/\/www.europesays.com\/se\/wp-json\/wp\/v2\/posts\/367699\/revisions"}],"wp:featuredmedia":[{"embeddable":true,"href":"https:\/\/www.europesays.com\/se\/wp-json\/wp\/v2\/media\/367700"}],"wp:attachment":[{"href":"https:\/\/www.europesays.com\/se\/wp-json\/wp\/v2\/media?parent=367699"}],"wp:term":[{"taxonomy":"category","embeddable":true,"href":"https:\/\/www.europesays.com\/se\/wp-json\/wp\/v2\/categories?post=367699"},{"taxonomy":"post_tag","embeddable":true,"href":"https:\/\/www.europesays.com\/se\/wp-json\/wp\/v2\/tags?post=367699"}],"curies":[{"name":"wp","href":"https:\/\/api.w.org\/{rel}","templated":true}]}}