{"id":367743,"date":"2026-09-05T22:19:27","date_gmt":"2026-09-05T22:19:27","guid":{"rendered":"https:\/\/www.europesays.com\/se\/367743\/"},"modified":"2026-09-05T22:19:27","modified_gmt":"2026-09-05T22:19:27","slug":"roda-stjarnans-fans-hyllade-krigsforbrytare-far-bota-en-miljon-2","status":"publish","type":"post","link":"https:\/\/www.europesays.com\/se\/367743\/","title":{"rendered":"R\u00f6da Stj\u00e4rnans fans hyllade krigsf\u00f6rbrytare \u2013 f\u00e5r b\u00f6ta en miljon"},"content":{"rendered":"<p>   <img alt=\"R\u00f6da stj\u00e4rnan-supportrar under en annan Europa League-match i vintras.\" class=\"_image_1jxax_84 layout-component layout-wide\" data-fullscreen- data-track-element-type=\"Article image fullscreen\" data-track-name=\"ImageFullscreen\" fetchpriority=\"high\" decoding=\"sync\" loading=\"eager\" height=\"5760\" itemprop=\"image\"  src=\"https:\/\/www.europesays.com\/se\/wp-content\/uploads\/2026\/09\/1788646767_643_3977fc9e-efa0-3025-a3be-f4decdd7ac78.jpeg\"  style=\"object-position:0% 0%\" width=\"8640\"\/>R\u00f6da stj\u00e4rnan-supportrar under en annan Europa League-match i vintras.  Foto: Darko Vojinovic\/AP\/TTVisa mer<\/p>\n<p class=\"_textTheme_4io5p_1 _lead_16k26_2 _lead_3ue4t_18 layout-component layout-normal layout-padded _lead_o6m9k_5 _leadTheme_cypwp_1 body-large bold\">Efter att den bosnienserbiske krigsf\u00f6rbrytaren Ratko Mladic d\u00f6tt hyllades han av R\u00f6da stj\u00e4rnan-supportrar med l\u00e4ktars\u00e5nger.<\/p>\n<p class=\"_textTheme_4io5p_1 _lead_16k26_2 _lead_3ue4t_18 layout-component layout-normal layout-padded _lead_o6m9k_5 _leadTheme_cypwp_1 body-large bold\">Nu straffas den serbiska fotbollsklubben av Europeiska fotbollsf\u00f6rbundet (Uefa).<\/p>\n<p class=\"_textTheme_4io5p_1 _paragraph_16k26_4 _paragraph_3ue4t_27 layout-component layout-normal layout-padded body-medium\">Det var under bortam\u00f6tet med tjeckiska Viktoria Plzen i kvalet till Europa League f\u00f6rra veckan som Mladic hyllades med bland annat s\u00e5nger och en banderoll.<\/p>\n<p class=\"_textTheme_4io5p_1 _paragraph_16k26_4 _paragraph_3ue4t_27 layout-component layout-normal layout-padded body-medium\">Mladic kallades \u201dslaktaren i Bosnien\u201d. Han d\u00f6mdes 2017 till livstids f\u00e4ngelse f\u00f6r sin roll i Bosnienkriget och folkmordet i Srebrenica under 1990-talet.<\/p>\n<p class=\"_textTheme_4io5p_1 _paragraph_16k26_4 _paragraph_3ue4t_27 layout-component layout-normal layout-padded body-medium\">R\u00f6da stj\u00e4rnan d\u00f6ms nu till att betala runt en miljon kronor (90 000 euro) i b\u00f6ter och n\u00e5gra bortasupportrar till\u00e5ts inte i m\u00f6tet med Lugano i Schweiz i Conference League i mitten av oktober.<\/p>\n<p class=\"_textTheme_4io5p_1 _paragraph_16k26_4 _paragraph_3ue4t_27 layout-component layout-normal layout-padded body-medium\">Mladic blev 84 \u00e5r och avtj\u00e4nade ett livstidsstraff fram till sin d\u00f6d.<\/p>\n","protected":false},"excerpt":{"rendered":"R\u00f6da stj\u00e4rnan-supportrar under en annan Europa League-match i vintras. Foto: Darko Vojinovic\/AP\/TTVisa mer Efter att den bosnienserbiske krigsf\u00f6rbrytaren&hellip;\n","protected":false},"author":2,"featured_media":367744,"comment_status":"","ping_status":"","sticky":false,"template":"","format":"standard","meta":{"footnotes":"","_share_on_mastodon":"0"},"categories":[14],"tags":[22,23,26,27,138,17,21,24,25,28,29,15,16,42381,18,34,31,33,32,30,19,20,51,52,53,54],"class_list":["post-367743","post","type-post","status-publish","format-standard","has-post-thumbnail","category-varlden","tag-breaking-news","tag-breakingnews","tag-featured-news","tag-featurednews","tag-fotboll","tag-headlines","tag-huvudnyheter","tag-latest-news","tag-latestnews","tag-main-news","tag-mainnews","tag-news","tag-nyheter","tag-roda-stjarnan","tag-rubriker","tag-se","tag-svenska","tag-sverige","tag-sweden","tag-swedish","tag-top-stories","tag-topstories","tag-varlden","tag-world","tag-world-news","tag-worldnews"],"share_on_mastodon":{"url":"https:\/\/pubeurope.com\/@se\/117220761687602914","error":""},"_links":{"self":[{"href":"https:\/\/www.europesays.com\/se\/wp-json\/wp\/v2\/posts\/367743","targetHints":{"allow":["GET"]}}],"collection":[{"href":"https:\/\/www.europesays.com\/se\/wp-json\/wp\/v2\/posts"}],"about":[{"href":"https:\/\/www.europesays.com\/se\/wp-json\/wp\/v2\/types\/post"}],"author":[{"embeddable":true,"href":"https:\/\/www.europesays.com\/se\/wp-json\/wp\/v2\/users\/2"}],"replies":[{"embeddable":true,"href":"https:\/\/www.europesays.com\/se\/wp-json\/wp\/v2\/comments?post=367743"}],"version-history":[{"count":0,"href":"https:\/\/www.europesays.com\/se\/wp-json\/wp\/v2\/posts\/367743\/revisions"}],"wp:featuredmedia":[{"embeddable":true,"href":"https:\/\/www.europesays.com\/se\/wp-json\/wp\/v2\/media\/367744"}],"wp:attachment":[{"href":"https:\/\/www.europesays.com\/se\/wp-json\/wp\/v2\/media?parent=367743"}],"wp:term":[{"taxonomy":"category","embeddable":true,"href":"https:\/\/www.europesays.com\/se\/wp-json\/wp\/v2\/categories?post=367743"},{"taxonomy":"post_tag","embeddable":true,"href":"https:\/\/www.europesays.com\/se\/wp-json\/wp\/v2\/tags?post=367743"}],"curies":[{"name":"wp","href":"https:\/\/api.w.org\/{rel}","templated":true}]}}