{"id":367751,"date":"2026-09-05T22:37:12","date_gmt":"2026-09-05T22:37:12","guid":{"rendered":"https:\/\/www.europesays.com\/se\/367751\/"},"modified":"2026-09-05T22:37:12","modified_gmt":"2026-09-05T22:37:12","slug":"historiska-ogonblicket-tyska-raketen-nar-rymden","status":"publish","type":"post","link":"https:\/\/www.europesays.com\/se\/367751\/","title":{"rendered":"Historiska \u00f6gonblicket: Tyska raketen n\u00e5r rymden"},"content":{"rendered":"<p>Uppdaterad 5 sep 2026 kl 23.34Publicerad 5 sep 2026 kl 23.34<\/p>\n<p>Den tyska rakettillverkaren Isar Aerospace har lyckats skjuta upp sin Spectrum-raket till omloppsbana fr\u00e5n And\u00f8ya i norra Norge. Det \u00e4r f\u00f6rsta g\u00e5ngen en raket n\u00e5r omloppsbana efter en uppskjutning fr\u00e5n V\u00e4steuropa. Raketen bar fem satelliter och ett vetenskapligt experiment. Det var Spectrum-raketens andra uppskjutning, efter att den f\u00f6rsta flygningen i mars 2025 slutade med att raketen st\u00f6rtade kort efter start.<\/p>\n<p>            <a href=\"mailto:webbrattelse@expressen.se?subject=Fel%20i%20artikel%3A%20Historiska%20%C3%B6gonblicket%3A%20Tyska%20raketen%20n%C3%A5r%20rymden&amp;body=En%20l%C3%A4sare%20rapporterar%20fel%20i%20https%3A%2F%2Fwww.expressen.se%2Ftv%2Fnyheter%2Fvarlden%2Fhistoriska-ogonblicket-tyska-raketen-nar-rymden%2F%0A%0AKommentar%3A%20\"><br \/>\n              Anm\u00e4l text- och faktafel<br \/>\n            <\/a><a href=\"https:\/\/www.expressen.se\/om-expressen\/sa-jobbar-vi-med-korrekta-publiceringar\/\" rel=\"nofollow noopener\" target=\"_blank\">V\u00e5ra kvalitetsrutiner<\/a><\/p>\n","protected":false},"excerpt":{"rendered":"Uppdaterad 5 sep 2026 kl 23.34Publicerad 5 sep 2026 kl 23.34 Den tyska rakettillverkaren Isar Aerospace har lyckats&hellip;\n","protected":false},"author":2,"featured_media":367752,"comment_status":"","ping_status":"","sticky":false,"template":"","format":"standard","meta":{"footnotes":"","_share_on_mastodon":"0"},"categories":[14],"tags":[22,23,26,27,17,21,24,25,28,29,15,430,16,30167,18,370,34,31,33,32,30,19,20,51,52,53,54],"class_list":["post-367751","post","type-post","status-publish","format-standard","has-post-thumbnail","category-varlden","tag-breaking-news","tag-breakingnews","tag-featured-news","tag-featurednews","tag-headlines","tag-huvudnyheter","tag-latest-news","tag-latestnews","tag-main-news","tag-mainnews","tag-news","tag-norge","tag-nyheter","tag-nyhetsvideo","tag-rubriker","tag-rymden","tag-se","tag-svenska","tag-sverige","tag-sweden","tag-swedish","tag-top-stories","tag-topstories","tag-varlden","tag-world","tag-world-news","tag-worldnews"],"share_on_mastodon":{"url":"https:\/\/pubeurope.com\/@se\/117220831756126475","error":""},"_links":{"self":[{"href":"https:\/\/www.europesays.com\/se\/wp-json\/wp\/v2\/posts\/367751","targetHints":{"allow":["GET"]}}],"collection":[{"href":"https:\/\/www.europesays.com\/se\/wp-json\/wp\/v2\/posts"}],"about":[{"href":"https:\/\/www.europesays.com\/se\/wp-json\/wp\/v2\/types\/post"}],"author":[{"embeddable":true,"href":"https:\/\/www.europesays.com\/se\/wp-json\/wp\/v2\/users\/2"}],"replies":[{"embeddable":true,"href":"https:\/\/www.europesays.com\/se\/wp-json\/wp\/v2\/comments?post=367751"}],"version-history":[{"count":0,"href":"https:\/\/www.europesays.com\/se\/wp-json\/wp\/v2\/posts\/367751\/revisions"}],"wp:featuredmedia":[{"embeddable":true,"href":"https:\/\/www.europesays.com\/se\/wp-json\/wp\/v2\/media\/367752"}],"wp:attachment":[{"href":"https:\/\/www.europesays.com\/se\/wp-json\/wp\/v2\/media?parent=367751"}],"wp:term":[{"taxonomy":"category","embeddable":true,"href":"https:\/\/www.europesays.com\/se\/wp-json\/wp\/v2\/categories?post=367751"},{"taxonomy":"post_tag","embeddable":true,"href":"https:\/\/www.europesays.com\/se\/wp-json\/wp\/v2\/tags?post=367751"}],"curies":[{"name":"wp","href":"https:\/\/api.w.org\/{rel}","templated":true}]}}