{"id":367757,"date":"2026-09-05T22:45:14","date_gmt":"2026-09-05T22:45:14","guid":{"rendered":"https:\/\/www.europesays.com\/se\/367757\/"},"modified":"2026-09-05T22:45:14","modified_gmt":"2026-09-05T22:45:14","slug":"raket-uppskjuten-i-norge-en-historisk-dag","status":"publish","type":"post","link":"https:\/\/www.europesays.com\/se\/367757\/","title":{"rendered":"Raket uppskjuten i Norge: \u201dEn historisk dag\u201d"},"content":{"rendered":"<p>Tyska Isar Aerospace har skjutit upp sin 28 meter l\u00e5nga Spectrum-raket i omloppsbana fr\u00e5n den norska rymdbasen And\u00f8ya, rapporterar AFP.<\/p>\n<p>\u201dVi \u00e4r i omloppsbana! Och vi skrev just europeisk historia: Detta \u00e4r f\u00f6rsta g\u00e5ngen en privat utvecklad raket n\u00e5r omloppsbana fr\u00e5n det kontinentala Europa\u201d, skriver rymdbolaget p\u00e5 X.<\/p>\n<p>Norges statsminister Jonas Gahr St\u00f8re kallar det \u201den historisk dag\u201d och \u201dett genombrott f\u00f6r Norge som rymdnation\u201d, skriver NRK.<\/p>\n<p>Uppskjutningen f\u00f6ljer p\u00e5 flera m\u00e5naders f\u00f6rseningar och en misslyckad testuppskjutning i mars 2025, d\u00e5 Spectrum-raketen f\u00f6ll tillbaka ner p\u00e5 jorden och exploderade.<\/p>\n<p>Det \u00e4r ett led i de upptrappade europeiska ambitionerna att skicka upp satelliter i omloppsbana oberoende av USA.<\/p>\n<p>Omni \u00e4r politiskt obundna och oberoende. Vi str\u00e4var efter att ge fler perspektiv p\u00e5 nyheterna. Har du fr\u00e5gor eller synpunkter kring v\u00e5r rapportering? <a href=\"https:\/\/omni.se\/raket-uppskjuten-i-norge-en-historisk-dag\/a\/mailto:redaktion@omni.se\" class=\"ArticleActions-module-scss-module__w9u9BG__contactLink\" rel=\"nofollow noopener\" target=\"_blank\">Kontakta redaktionen<\/a><\/p>\n","protected":false},"excerpt":{"rendered":"Tyska Isar Aerospace har skjutit upp sin 28 meter l\u00e5nga Spectrum-raket i omloppsbana fr\u00e5n den norska rymdbasen And\u00f8ya,&hellip;\n","protected":false},"author":2,"featured_media":367758,"comment_status":"","ping_status":"","sticky":false,"template":"","format":"standard","meta":{"footnotes":"","_share_on_mastodon":"0"},"categories":[14],"tags":[22,23,267,26,27,17,21,24,25,28,29,15,430,16,18,370,34,31,33,32,30,19,20,408,51,52,53,54],"class_list":["post-367757","post","type-post","status-publish","format-standard","has-post-thumbnail","category-varlden","tag-breaking-news","tag-breakingnews","tag-europa","tag-featured-news","tag-featurednews","tag-headlines","tag-huvudnyheter","tag-latest-news","tag-latestnews","tag-main-news","tag-mainnews","tag-news","tag-norge","tag-nyheter","tag-rubriker","tag-rymden","tag-se","tag-svenska","tag-sverige","tag-sweden","tag-swedish","tag-top-stories","tag-topstories","tag-tyskland","tag-varlden","tag-world","tag-world-news","tag-worldnews"],"share_on_mastodon":{"url":"https:\/\/pubeurope.com\/@se\/117220863266666522","error":""},"_links":{"self":[{"href":"https:\/\/www.europesays.com\/se\/wp-json\/wp\/v2\/posts\/367757","targetHints":{"allow":["GET"]}}],"collection":[{"href":"https:\/\/www.europesays.com\/se\/wp-json\/wp\/v2\/posts"}],"about":[{"href":"https:\/\/www.europesays.com\/se\/wp-json\/wp\/v2\/types\/post"}],"author":[{"embeddable":true,"href":"https:\/\/www.europesays.com\/se\/wp-json\/wp\/v2\/users\/2"}],"replies":[{"embeddable":true,"href":"https:\/\/www.europesays.com\/se\/wp-json\/wp\/v2\/comments?post=367757"}],"version-history":[{"count":0,"href":"https:\/\/www.europesays.com\/se\/wp-json\/wp\/v2\/posts\/367757\/revisions"}],"wp:featuredmedia":[{"embeddable":true,"href":"https:\/\/www.europesays.com\/se\/wp-json\/wp\/v2\/media\/367758"}],"wp:attachment":[{"href":"https:\/\/www.europesays.com\/se\/wp-json\/wp\/v2\/media?parent=367757"}],"wp:term":[{"taxonomy":"category","embeddable":true,"href":"https:\/\/www.europesays.com\/se\/wp-json\/wp\/v2\/categories?post=367757"},{"taxonomy":"post_tag","embeddable":true,"href":"https:\/\/www.europesays.com\/se\/wp-json\/wp\/v2\/tags?post=367757"}],"curies":[{"name":"wp","href":"https:\/\/api.w.org\/{rel}","templated":true}]}}