{"id":367791,"date":"2026-09-05T23:54:06","date_gmt":"2026-09-05T23:54:06","guid":{"rendered":"https:\/\/www.europesays.com\/se\/367791\/"},"modified":"2026-09-05T23:54:06","modified_gmt":"2026-09-05T23:54:06","slug":"raddad-nio-dygn-efter-skredet-hann-inte-fly","status":"publish","type":"post","link":"https:\/\/www.europesays.com\/se\/367791\/","title":{"rendered":"R\u00e4ddad nio dygn efter skredet: \u201dHann inte fly\u201d"},"content":{"rendered":"<p>I en video sl\u00e4ppt av Nepals arm\u00e9 ses den ena mannen, Sanjay Shah, dras upp ur en smal, m\u00f6rk ing\u00e5ng till tunneln. I klippet h\u00f6rs han fr\u00e5ga r\u00e4ddningsarbetarna vilket datum det \u00e4r. Han ber\u00e4ttar sedan hur han hj\u00e4lpte andra att fly undan vattenmassorna \u2013 tills det inte l\u00e4ngre fanns tid att unds\u00e4tta sig sj\u00e4lv.<\/p>\n<p>\u2013 Det var mitt ansvar att r\u00e4dda allas liv, s\u00e4ger han enligt CNN och uppger att det sannolikt finns fler m\u00e4nniskor som fortfarande sitter fast.<\/p>\n<p>\u2013 Jag tror inte att alla hann ut. Tunneln \u00e4r s\u00e5 l\u00e5ng.<\/p>\n<p>Hittade \u00f6ppningen<\/p>\n<p>Videor visar d\u00e4refter hur en andra man, Kabir Maharjan, b\u00e4rs i v\u00e4g p\u00e5 en b\u00e5r \u2013 t\u00e4ckt av lera och med h\u00e4nderna sammanpressade i b\u00f6n. De b\u00e5da m\u00e4nnen har nu flugits f\u00f6r v\u00e5rd i huvudstaden Katmandu.<\/p>\n<p>\u2013 Jag \u00e4r s\u00e5 lycklig, s\u00e4ger Kabir Maharjans bror till nyhetsbyr\u00e5n AFP.<\/p>\n<p>M\u00e4nnen \u2013 tv\u00e5 av flera hundra vattenkraftsarbetare som saknas efter katastrofen den 26 augusti \u2013 uppges ha suttit fast 170 meter inne i tunneln. Tidigt p\u00e5 fredagen tyckte sig r\u00e4ddningsarbetare som gr\u00e4vt sig fram till tunnelns \u00f6ppning h\u00f6ra r\u00f6ster, och bara timmar senare hittades Shah och Maharjan.<\/p>\n<p>Tusentals saknas<\/p>\n<p>Nu har ett hopp om att lyckas r\u00e4dda fler t\u00e4nts.<\/p>\n<p>\u201dVi v\u00e4ntar p\u00e5 att fler m\u00e4nniskor ska r\u00e4ddas\u201d, skriver Nepals kommunikationsminister Bikram Timilsina p\u00e5 Facebook.<\/p>\n<p>Byar, v\u00e4gar, broar och minst tolv vattenkraftsprojekt begravdes i lera och br\u00e5te n\u00e4r en enorm berg- och ismassa kollapsade i Himalaya, n\u00e4ra gr\u00e4nsen mellan Nepal och Tibet, och skickade en kraftfull v\u00e5g nedstr\u00f6ms genom floden Bhote Koshi.<\/p>\n<p>Runt 1\u00a0300 m\u00e4nniskor har bekr\u00e4ftats d\u00f6da och \u00f6ver 5\u00a0000 saknas. Bland de saknade finns fler \u00e4n 800 utl\u00e4ndska turister och pilgrimer.<\/p>\n<p><img alt=\"En andra man r\u00e4ddas fr\u00e5n tunneln vid vattenkraftverket Trishuli 3A p\u00e5 fredagen.\" loading=\"lazy\" width=\"1920\" height=\"1200\" decoding=\"async\" data-nimg=\"1\" style=\"color:transparent;max-width:100%;width:100%\"   src=\"https:\/\/www.europesays.com\/se\/wp-content\/uploads\/2026\/09\/1-Rvqym_UTe5KtVDRTRXd7QWaEAg-REGULAR.jpg\"\/>En andra man r\u00e4ddas fr\u00e5n tunneln vid vattenkraftverket Trishuli 3A p\u00e5 fredagen. Bild: Nepals arm\u00e9 via AP\/TT <\/p>\n","protected":false},"excerpt":{"rendered":"I en video sl\u00e4ppt av Nepals arm\u00e9 ses den ena mannen, Sanjay Shah, dras upp ur en smal,&hellip;\n","protected":false},"author":2,"featured_media":367792,"comment_status":"","ping_status":"","sticky":false,"template":"","format":"standard","meta":{"footnotes":"","_share_on_mastodon":"0"},"categories":[14],"tags":[22,23,26,27,17,21,24,25,28,29,15,16,18,34,31,33,32,30,19,20,51,52,53,54],"class_list":["post-367791","post","type-post","status-publish","format-standard","has-post-thumbnail","category-varlden","tag-breaking-news","tag-breakingnews","tag-featured-news","tag-featurednews","tag-headlines","tag-huvudnyheter","tag-latest-news","tag-latestnews","tag-main-news","tag-mainnews","tag-news","tag-nyheter","tag-rubriker","tag-se","tag-svenska","tag-sverige","tag-sweden","tag-swedish","tag-top-stories","tag-topstories","tag-varlden","tag-world","tag-world-news","tag-worldnews"],"share_on_mastodon":{"url":"https:\/\/pubeurope.com\/@se\/117221135029203125","error":""},"_links":{"self":[{"href":"https:\/\/www.europesays.com\/se\/wp-json\/wp\/v2\/posts\/367791","targetHints":{"allow":["GET"]}}],"collection":[{"href":"https:\/\/www.europesays.com\/se\/wp-json\/wp\/v2\/posts"}],"about":[{"href":"https:\/\/www.europesays.com\/se\/wp-json\/wp\/v2\/types\/post"}],"author":[{"embeddable":true,"href":"https:\/\/www.europesays.com\/se\/wp-json\/wp\/v2\/users\/2"}],"replies":[{"embeddable":true,"href":"https:\/\/www.europesays.com\/se\/wp-json\/wp\/v2\/comments?post=367791"}],"version-history":[{"count":0,"href":"https:\/\/www.europesays.com\/se\/wp-json\/wp\/v2\/posts\/367791\/revisions"}],"wp:featuredmedia":[{"embeddable":true,"href":"https:\/\/www.europesays.com\/se\/wp-json\/wp\/v2\/media\/367792"}],"wp:attachment":[{"href":"https:\/\/www.europesays.com\/se\/wp-json\/wp\/v2\/media?parent=367791"}],"wp:term":[{"taxonomy":"category","embeddable":true,"href":"https:\/\/www.europesays.com\/se\/wp-json\/wp\/v2\/categories?post=367791"},{"taxonomy":"post_tag","embeddable":true,"href":"https:\/\/www.europesays.com\/se\/wp-json\/wp\/v2\/tags?post=367791"}],"curies":[{"name":"wp","href":"https:\/\/api.w.org\/{rel}","templated":true}]}}