{"id":367827,"date":"2026-09-06T01:30:20","date_gmt":"2026-09-06T01:30:20","guid":{"rendered":"https:\/\/www.europesays.com\/se\/367827\/"},"modified":"2026-09-06T01:30:20","modified_gmt":"2026-09-06T01:30:20","slug":"allt-fler-ryska-man-flyr-en-ny-mojlig-mobilisering","status":"publish","type":"post","link":"https:\/\/www.europesays.com\/se\/367827\/","title":{"rendered":"Allt fler ryska m\u00e4n flyr en ny m\u00f6jlig mobilisering"},"content":{"rendered":"<p>Den 36-\u00e5rige ryske entrepren\u00f6ren Eradzj konsulterade sin AI-assistent f\u00f6r att r\u00e4kna ut sannolikheten att det blir en ny mobilisering. Nu har han bokat en tv\u00e5 m\u00e5nader l\u00e5ng resa till Cypern, ber\u00e4ttar han f\u00f6r New York Times.<\/p>\n<p>Han f\u00f6rklarar sitt resonemang:<\/p>\n<p>\u2013 Har kontraktssoldaterna tagit slut? Det har de sannolikt. Har vi tagit n\u00e5gon mark? Nej. Ledde f\u00f6rhandlingarna n\u00e5gonstans? Nej. Kommer Putin v\u00e4gra ge upp? Ja.<\/p>\n<p>Oron f\u00f6r en ny mobiliserings brer ut sig alltmer i Ryssland och diskuteras st\u00e4ndigt p\u00e5 kaf\u00e9er, arbetsplatser och i kollektivtrafiken. M\u00e4n i milit\u00e4r \u00e5lder tvingas till ett v\u00e4gval: fly, g\u00f6mma sig eller hoppas p\u00e5 det b\u00e4sta. <\/p>\n<p>Kreml f\u00f6rnekar ih\u00e4rdigt att en ny mobilisering \u00e4r p\u00e5 g\u00e5ng, men ukrainska och v\u00e4sterl\u00e4ndska underr\u00e4ttelsetj\u00e4nster g\u00f6r motsatt bed\u00f6mning. Det har n\u00e5tt fram \u00e4ven till ryssarna, som minns att Kreml f\u00f6rnekade den f\u00f6rsta mobiliseringen innan den skedde h\u00f6sten 2022.<\/p>\n<p>Omni \u00e4r politiskt obundna och oberoende. Vi str\u00e4var efter att ge fler perspektiv p\u00e5 nyheterna. Har du fr\u00e5gor eller synpunkter kring v\u00e5r rapportering? <a href=\"https:\/\/omni.se\/allt-fler-ryska-man-flyr-en-ny-mojlig-mobilisering\/a\/mailto:redaktion@omni.se\" class=\"ArticleActions-module-scss-module__w9u9BG__contactLink\" rel=\"nofollow noopener\" target=\"_blank\">Kontakta redaktionen<\/a><\/p>\n","protected":false},"excerpt":{"rendered":"Den 36-\u00e5rige ryske entrepren\u00f6ren Eradzj konsulterade sin AI-assistent f\u00f6r att r\u00e4kna ut sannolikheten att det blir en ny&hellip;\n","protected":false},"author":2,"featured_media":367828,"comment_status":"","ping_status":"","sticky":false,"template":"","format":"standard","meta":{"footnotes":"","_share_on_mastodon":"0"},"categories":[14],"tags":[22,23,267,26,27,17,21,24,25,28,29,15,16,18,269,264,34,31,33,32,30,19,20,263,51,52,53,54],"class_list":["post-367827","post","type-post","status-publish","format-standard","has-post-thumbnail","category-varlden","tag-breaking-news","tag-breakingnews","tag-europa","tag-featured-news","tag-featurednews","tag-headlines","tag-huvudnyheter","tag-latest-news","tag-latestnews","tag-main-news","tag-mainnews","tag-news","tag-nyheter","tag-rubriker","tag-ryska-invasionen","tag-ryssland","tag-se","tag-svenska","tag-sverige","tag-sweden","tag-swedish","tag-top-stories","tag-topstories","tag-ukraina","tag-varlden","tag-world","tag-world-news","tag-worldnews"],"share_on_mastodon":{"url":"https:\/\/pubeurope.com\/@se\/117221512112878252","error":""},"_links":{"self":[{"href":"https:\/\/www.europesays.com\/se\/wp-json\/wp\/v2\/posts\/367827","targetHints":{"allow":["GET"]}}],"collection":[{"href":"https:\/\/www.europesays.com\/se\/wp-json\/wp\/v2\/posts"}],"about":[{"href":"https:\/\/www.europesays.com\/se\/wp-json\/wp\/v2\/types\/post"}],"author":[{"embeddable":true,"href":"https:\/\/www.europesays.com\/se\/wp-json\/wp\/v2\/users\/2"}],"replies":[{"embeddable":true,"href":"https:\/\/www.europesays.com\/se\/wp-json\/wp\/v2\/comments?post=367827"}],"version-history":[{"count":0,"href":"https:\/\/www.europesays.com\/se\/wp-json\/wp\/v2\/posts\/367827\/revisions"}],"wp:featuredmedia":[{"embeddable":true,"href":"https:\/\/www.europesays.com\/se\/wp-json\/wp\/v2\/media\/367828"}],"wp:attachment":[{"href":"https:\/\/www.europesays.com\/se\/wp-json\/wp\/v2\/media?parent=367827"}],"wp:term":[{"taxonomy":"category","embeddable":true,"href":"https:\/\/www.europesays.com\/se\/wp-json\/wp\/v2\/categories?post=367827"},{"taxonomy":"post_tag","embeddable":true,"href":"https:\/\/www.europesays.com\/se\/wp-json\/wp\/v2\/tags?post=367827"}],"curies":[{"name":"wp","href":"https:\/\/api.w.org\/{rel}","templated":true}]}}