{"id":367835,"date":"2026-09-06T01:39:51","date_gmt":"2026-09-06T01:39:51","guid":{"rendered":"https:\/\/www.europesays.com\/se\/367835\/"},"modified":"2026-09-06T01:39:51","modified_gmt":"2026-09-06T01:39:51","slug":"afd-kan-ta-makten-i-tysk-delstat-pa-sondag-slutet-for-demokratin-dar","status":"publish","type":"post","link":"https:\/\/www.europesays.com\/se\/367835\/","title":{"rendered":"AFD kan ta makten i tysk delstat p\u00e5 s\u00f6ndag: \u201dSlutet f\u00f6r demokratin d\u00e4r\u201d"},"content":{"rendered":"<p>AFD \u00e4r n\u00e4ra att g\u00f6ra n\u00e5got inget h\u00f6gerradikalt parti lyckats med i efterkrigstidens Tyskland: ta makten p\u00e5 egen hand i ett f\u00f6rbundsland. Nu kan valet i Sachsen-Anhalt skaka om tysk politik i grunden.<\/p>\n<p>Forts\u00e4tt l\u00e4sa \u2013 testa gratis i 1 m\u00e5nad<\/p>\n<p class=\"SalesPosterContainer-module-scss-module__8lWVEa__description\">F\u00e5 tillg\u00e5ng till hela artikeln och allt v\u00e5rt b\u00e4sta material i Omni Mer.<\/p>\n<ul class=\"SalesPosterContainer-module-scss-module__8lWVEa__usps\">\n<li>L\u00e4s utan annonser<\/li>\n<li>Dela med en v\u00e4n<\/li>\n<li>Avsluta n\u00e4r du vill<\/li>\n<\/ul>\n<p>Omni \u00e4r politiskt obundna och oberoende. Vi str\u00e4var efter att ge fler perspektiv p\u00e5 nyheterna. Har du fr\u00e5gor eller synpunkter kring v\u00e5r rapportering? <a href=\"https:\/\/omni.se\/afd-kan-ta-makten-i-tysk-delstat-pa-sondag-slutet-for-demokratin-dar\/a\/mailto:mer@omni.se\" class=\"ArticleActions-module-scss-module__w9u9BG__contactLink\" rel=\"nofollow noopener\" target=\"_blank\">Kontakta redaktionen<\/a><\/p>\n","protected":false},"excerpt":{"rendered":"AFD \u00e4r n\u00e4ra att g\u00f6ra n\u00e5got inget h\u00f6gerradikalt parti lyckats med i efterkrigstidens Tyskland: ta makten p\u00e5 egen&hellip;\n","protected":false},"author":2,"featured_media":367836,"comment_status":"","ping_status":"","sticky":false,"template":"","format":"standard","meta":{"footnotes":"","_share_on_mastodon":"0"},"categories":[14],"tags":[2193,22,23,26,27,17,21,24,25,28,29,15,16,2192,18,34,31,33,32,30,19,20,51,52,53,54],"class_list":["post-367835","post","type-post","status-publish","format-standard","has-post-thumbnail","category-varlden","tag-omni-mer","tag-breaking-news","tag-breakingnews","tag-featured-news","tag-featurednews","tag-headlines","tag-huvudnyheter","tag-latest-news","tag-latestnews","tag-main-news","tag-mainnews","tag-news","tag-nyheter","tag-omni-mer-aktuell-fordjupning","tag-rubriker","tag-se","tag-svenska","tag-sverige","tag-sweden","tag-swedish","tag-top-stories","tag-topstories","tag-varlden","tag-world","tag-world-news","tag-worldnews"],"share_on_mastodon":{"url":"https:\/\/pubeurope.com\/@se\/117221551417436773","error":""},"_links":{"self":[{"href":"https:\/\/www.europesays.com\/se\/wp-json\/wp\/v2\/posts\/367835","targetHints":{"allow":["GET"]}}],"collection":[{"href":"https:\/\/www.europesays.com\/se\/wp-json\/wp\/v2\/posts"}],"about":[{"href":"https:\/\/www.europesays.com\/se\/wp-json\/wp\/v2\/types\/post"}],"author":[{"embeddable":true,"href":"https:\/\/www.europesays.com\/se\/wp-json\/wp\/v2\/users\/2"}],"replies":[{"embeddable":true,"href":"https:\/\/www.europesays.com\/se\/wp-json\/wp\/v2\/comments?post=367835"}],"version-history":[{"count":0,"href":"https:\/\/www.europesays.com\/se\/wp-json\/wp\/v2\/posts\/367835\/revisions"}],"wp:featuredmedia":[{"embeddable":true,"href":"https:\/\/www.europesays.com\/se\/wp-json\/wp\/v2\/media\/367836"}],"wp:attachment":[{"href":"https:\/\/www.europesays.com\/se\/wp-json\/wp\/v2\/media?parent=367835"}],"wp:term":[{"taxonomy":"category","embeddable":true,"href":"https:\/\/www.europesays.com\/se\/wp-json\/wp\/v2\/categories?post=367835"},{"taxonomy":"post_tag","embeddable":true,"href":"https:\/\/www.europesays.com\/se\/wp-json\/wp\/v2\/tags?post=367835"}],"curies":[{"name":"wp","href":"https:\/\/api.w.org\/{rel}","templated":true}]}}