{"id":367883,"date":"2026-09-06T03:29:18","date_gmt":"2026-09-06T03:29:18","guid":{"rendered":"https:\/\/www.europesays.com\/se\/367883\/"},"modified":"2026-09-06T03:29:18","modified_gmt":"2026-09-06T03:29:18","slug":"det-amerikanska-superbarkaret-uss-abraham-lincoln-ser-ut-som-om-det-just-lamnat-helvetet-pa-jorden","status":"publish","type":"post","link":"https:\/\/www.europesays.com\/se\/367883\/","title":{"rendered":"Det amerikanska superb\u00e4rkaret USS Abraham Lincoln ser ut som om det just l\u00e4mnat &#8221;helvetet p\u00e5 jorden&#8221;."},"content":{"rendered":"<p style=\"text-align: justify;\"> Efter att ha lagt till i <a class=\"data-link\" data-org-href=\"https:\/\/www.vietnam.vn\/sv\/tag\/thai-lan\" href=\"https:\/\/www.vietnam.vn\/sv\/tag\/thai-lan\" title=\"Thailand\" target=\"_blank\" rel=\"nofollow noopener\">Thailand<\/a> och sett ut som om det just hade kommit ut ur &#8221;helvetet p\u00e5 jorden&#8221; efter 286 dagar till sj\u00f6ss, genomg\u00e5r den amerikanska flottans superb\u00e4rare CVN-72 USS Abraham Lincoln nu noggrant underh\u00e5ll och sk\u00f6tsel.<\/p>\n<p style=\"text-align: justify;\"> N\u00e4r USS Abraham Lincoln lade till i hamnen i Laem Chabang i Thailand den 2 september var skrovet t\u00e4ckt av rost och alger l\u00e4ngs b\u00e5da sidor. Andra delar av fartyget, s\u00e4rskilt runt kanterna p\u00e5 cockpiten och de flytande plattformarna p\u00e5 b\u00e5da sidor, s\u00e5g ocks\u00e5 ganska f\u00f6rfallna ut.<\/p>\n<p style=\"text-align: justify;\"> Fartygets skick \u00e4r en skarp och tydlig p\u00e5minnelse om de sv\u00e5righeter som hangarfartyg och deras bes\u00e4ttningar har utst\u00e5tt under l\u00e4ngre utplaceringar, inklusive deras avg\u00f6rande roll i kampen mot <a class=\"data-link\" data-org-href=\"https:\/\/www.vietnam.vn\/sv\/tag\/iran\" href=\"https:\/\/www.vietnam.vn\/sv\/tag\/iran\" title=\"Iran\" target=\"_blank\" rel=\"nofollow noopener\">Iran<\/a> i Gulfen.<\/p>\n<p style=\"text-align: justify;\"> En <a class=\"data-link\" data-org-href=\"https:\/\/www.vietnam.vn\/sv\/category\/video\" href=\"https:\/\/www.vietnam.vn\/sv\/category\/video\" title=\"video\" target=\"_blank\" rel=\"nofollow noopener\">video<\/a> som visar lokala arbetare som st\u00e4dar fartyget har blivit viral p\u00e5 sociala medier. <\/p>\n<p><img loading=\"lazy\" decoding=\"async\" style=\"cursor:pointer\" id=\"2714796\" alt=\"cvn-72-uss-abraham-lincoln-phu-day-reu-xanh-va-gi-set.jpg\" data-width=\"1337\" data-height=\"752\" data-image-id=\"2714796\" class=\"lazyload cms-photo\" data-large-src=\"https:\/\/cdn.giaoducthoidai.vn\/images\/FJV9-Un2qY9OAUxf6Uq3VPk2ogCOedYZcAUuXgNQE7r6DrZForMrY8HHEl21rg-6d09Sd9Y-mFgkUOZC0bno6B4baxGU0WgfaIx1VYWOGdu8Y7TMVTI-9wozJIlA08jJ\/cvn-72-uss-abraham-lincoln-phu-day-reu-xanh-va-gi-set.jpg.avif\" src=\"https:\/\/cdn.giaoducthoidai.vn\/images\/8GWad2sN4kTcYOpXtoLk50AOTww3nrVM7XsxUTixKqOu1PMTd0H4b5x93FLF9pRPb7FknDvCaqi03Wka2DCdnoUozar0jzoeuU53xVnJOsaokEBB_DEnSstPr1wKcUae\/cvn-72-uss-abraham-lincoln-phu-day-reu-xanh-va-gi-set.jpg.avif\" title=\"Skrovet p\u00e5 hangarfartyget CVN-72 \u00e4r t\u00e4ckt av gr\u00f6n mossa och rost.\" width=\"900\" height=\"506\"\/> Skrovet p\u00e5 hangarfartyget CVN-72 \u00e4r t\u00e4ckt av gr\u00f6n mossa och rost.<\/p>\n<p style=\"text-align: justify;\"> Tv\u00e5 av dem kan ses st\u00e5 p\u00e5 byggnadsst\u00e4llningar, ikl\u00e4dda silverf\u00e4rgade skyddskl\u00e4der, gula hj\u00e4lmar, ansiktsskydd och svarta st\u00f6vlar, och spruta vatten p\u00e5 det stora skeppet f\u00f6r att reng\u00f6ra rosten och hela lagret av gr\u00f6na alger.<\/p>\n<p style=\"text-align: justify;\"> Kameran panorerade ocks\u00e5 \u00f6ver fartyget, vilket visade den enorma omfattningen av arbete som fortfarande beh\u00f6vde g\u00f6ras.<\/p>\n<p style=\"text-align: justify;\"> Det \u00e4r oklart om detta arbete planerades i f\u00f6rv\u00e4g som en del av det rutinm\u00e4ssiga underh\u00e5llet eller best\u00e4lldes efter att bilder av fartygets f\u00f6rs\u00e4mrade skick publicerades, vilket v\u00e4ckte betydande medieuppm\u00e4rksamhet.<\/p>\n<p style=\"text-align: justify;\"> Hangarfartyget USS Abraham Lincoln och Carrier Strike Group 3 deltog i den f\u00f6rsta attacken mot Iran den 28 februari, som en del av vad den amerikanska milit\u00e4ren kallade &#8221;Operation Epic Fury&#8221;.<\/p>\n<p style=\"text-align: justify;\"> CVN-72 och resten av strejkgruppen fortsatte att st\u00f6dja Operation Fury och efterf\u00f6ljande operationer mot Iran i m\u00e5nader efter\u00e5t. <\/p>\n<p><img loading=\"lazy\" decoding=\"async\" style=\"cursor:pointer\" id=\"2714794\" alt=\"cvn-72-uss-abraham-lincoln-ddg-105-uss-dewey.jpg\" data-width=\"768\" data-height=\"432\" data-image-id=\"2714794\" class=\"lazyload cms-photo\" data-large-src=\"https:\/\/cdn.giaoducthoidai.vn\/images\/FJV9-Un2qY9OAUxf6Uq3VPk2ogCOedYZcAUuXgNQE7r6DrZForMrY8HHEl21rg-6oGXvnsl1lCTJt817lubcSCb33I4xMYuqzDpezuWUPgw\/cvn-72-uss-abraham-lincoln-ddg-105-uss-dewey.jpg.avif\" src=\"https:\/\/cdn.giaoducthoidai.vn\/images\/8GWad2sN4kTcYOpXtoLk50AOTww3nrVM7XsxUTixKqOu1PMTd0H4b5x93FLF9pRP95WgD8NiLot0dBdtPEqa5gvABKltKIGBDe_Zjk3DYWM\/cvn-72-uss-abraham-lincoln-ddg-105-uss-dewey.jpg.avif\" title=\"Bilder av USS Dewey t\u00e4ckt av rost under sitt bes\u00f6k i Singapore visades vid John Phelans bekr\u00e4ftelseutfr\u00e5gning f\u00f6r tj\u00e4nsten som marinminister den 27 februari 2025.\" width=\"768\" height=\"432\"\/> Bilder av USS Dewey t\u00e4ckt av rost under sitt bes\u00f6k i <a class=\"data-link\" data-org-href=\"https:\/\/www.vietnam.vn\/sv\/tag\/singapore\" href=\"https:\/\/www.vietnam.vn\/sv\/tag\/singapore\" title=\"Singapore\" target=\"_blank\" rel=\"nofollow noopener\">Singapore<\/a> visades vid John Phelans bekr\u00e4ftelseutfr\u00e5gning f\u00f6r tj\u00e4nsten som marinminister den 27 februari 2025.<\/p>\n<p style=\"text-align: justify;\"> Beslutet att dra tillbaka hangarfartyget fr\u00e5n omr\u00e5det f\u00f6rra m\u00e5naden f\u00f6ljde p\u00e5 en rad rapporter om en allvarlig f\u00f6rs\u00e4mring av bes\u00e4ttningens moral och mentala h\u00e4lsa, inklusive rapporter om att en sj\u00f6man fick r\u00e4ddas f\u00f6rra m\u00e5naden efter att ha f\u00f6rs\u00f6kt hoppa \u00f6verbord och att minst en annan bes\u00e4ttningsmedlem hade f\u00f6rs\u00f6kt g\u00f6ra detsamma.<\/p>\n<p style=\"text-align: justify;\"> President Donald Trump och f\u00f6rsvarsminister Pete Hegseth har, tillsammans med andra tj\u00e4nstem\u00e4n, uttalat sig mot oro kring psykisk h\u00e4lsa och andra problem ombord, liksom tidigare oro kring m\u00e4rkbart slitage p\u00e5 amerikanska flottfartyg, s\u00e4rskilt under utl\u00e4ndska hamnanl\u00f6p.<\/p>\n<p style=\"text-align: justify;\"> I slutet av februari 2025 skakades den amerikanska politiska scenen efter att ett foto av den rostt\u00e4ckta jagaren DDG-105 USS Dewey vid Changi Naval Base publicerades online av en singaporiansk anv\u00e4ndare p\u00e5 sociala medier, vilket sammanf\u00f6ll med det amerikanska fartygets bes\u00f6k i Singapore den 18 februari 2025.<\/p>\n<p> Enligt Krigszonen <\/p>\n<p class=\"mb-0\"> K\u00e4lla: https:\/\/giaoducthoidai.vn\/sieu-tau-san-bay-my-uss-abraham-lincoln-nhu-vua-roi-dia-nguc-trang-gian-post790668.html<\/p>\n","protected":false},"excerpt":{"rendered":"Efter att ha lagt till i Thailand och sett ut som om det just hade kommit ut ur&hellip;\n","protected":false},"author":2,"featured_media":367884,"comment_status":"","ping_status":"","sticky":false,"template":"","format":"standard","meta":{"footnotes":"","_share_on_mastodon":"0"},"categories":[14],"tags":[42479,42477,42475,22,23,42476,26,27,17,21,24,25,28,29,124,15,16,42474,42480,18,34,31,33,32,30,19,20,42478,51,52,53,54],"class_list":["post-367883","post","type-post","status-publish","format-standard","has-post-thumbnail","category-varlden","tag-usa-irankriget","tag-amerikanskt-hangarfartyg","tag-besok-thailand","tag-breaking-news","tag-breakingnews","tag-cvn-72-dockade-i-laem-chabang-hamn","tag-featured-news","tag-featurednews","tag-headlines","tag-huvudnyheter","tag-latest-news","tag-latestnews","tag-main-news","tag-mainnews","tag-mellanostern","tag-news","tag-nyheter","tag-operation-epic-fury","tag-operation-fury","tag-rubriker","tag-se","tag-svenska","tag-sverige","tag-sweden","tag-swedish","tag-top-stories","tag-topstories","tag-uss-abraham-lincoln","tag-varlden","tag-world","tag-world-news","tag-worldnews"],"share_on_mastodon":{"url":"","error":"Validation failed: Text character limit of 500 exceeded"},"_links":{"self":[{"href":"https:\/\/www.europesays.com\/se\/wp-json\/wp\/v2\/posts\/367883","targetHints":{"allow":["GET"]}}],"collection":[{"href":"https:\/\/www.europesays.com\/se\/wp-json\/wp\/v2\/posts"}],"about":[{"href":"https:\/\/www.europesays.com\/se\/wp-json\/wp\/v2\/types\/post"}],"author":[{"embeddable":true,"href":"https:\/\/www.europesays.com\/se\/wp-json\/wp\/v2\/users\/2"}],"replies":[{"embeddable":true,"href":"https:\/\/www.europesays.com\/se\/wp-json\/wp\/v2\/comments?post=367883"}],"version-history":[{"count":0,"href":"https:\/\/www.europesays.com\/se\/wp-json\/wp\/v2\/posts\/367883\/revisions"}],"wp:featuredmedia":[{"embeddable":true,"href":"https:\/\/www.europesays.com\/se\/wp-json\/wp\/v2\/media\/367884"}],"wp:attachment":[{"href":"https:\/\/www.europesays.com\/se\/wp-json\/wp\/v2\/media?parent=367883"}],"wp:term":[{"taxonomy":"category","embeddable":true,"href":"https:\/\/www.europesays.com\/se\/wp-json\/wp\/v2\/categories?post=367883"},{"taxonomy":"post_tag","embeddable":true,"href":"https:\/\/www.europesays.com\/se\/wp-json\/wp\/v2\/tags?post=367883"}],"curies":[{"name":"wp","href":"https:\/\/api.w.org\/{rel}","templated":true}]}}