{"id":367919,"date":"2026-09-06T04:28:12","date_gmt":"2026-09-06T04:28:12","guid":{"rendered":"https:\/\/www.europesays.com\/se\/367919\/"},"modified":"2026-09-06T04:28:12","modified_gmt":"2026-09-06T04:28:12","slug":"villa-overtand-i-fargelanda-ska-fa-brinna-ner","status":"publish","type":"post","link":"https:\/\/www.europesays.com\/se\/367919\/","title":{"rendered":"Villa \u00f6vert\u00e4nd i F\u00e4rgelanda \u2013 ska f\u00e5 brinna ner"},"content":{"rendered":"<p>Larmet om branden kom in vid 23.30-tiden p\u00e5 l\u00f6rdagen. Redan d\u00e5 var villan, ett tv\u00e5v\u00e5nings suterr\u00e4nghus, helt \u00f6vert\u00e4nd.<\/p>\n<p>\u2013 Insatsen kommer att ta flera timmar till. Vi har s\u00e4krat s\u00e5 att det inte l\u00e4ngre r\u00e5der spridningsrisk till intilliggande bost\u00e4der, till\u00e4gger Johan B\u00e4ckstr\u00f6m, vakthavande bef\u00e4l vid r\u00e4ddningstj\u00e4nsten.<\/p>\n<p>Alla i bostaden tog sig ut utan allvarliga skador, men hade andats in r\u00f6k, s\u00e4ger B\u00e4ckstr\u00f6m.<\/p>\n<p>Under tidig morgon togs beslutet att villan inte g\u00e5r att r\u00e4dda.<\/p>\n<p>\u2013 Vi kommer l\u00e5ta den brinna ner under lugna f\u00f6rh\u00e5llanden, s\u00e4ger vakthavande bef\u00e4l Simon Willner.<\/p>\n","protected":false},"excerpt":{"rendered":"Larmet om branden kom in vid 23.30-tiden p\u00e5 l\u00f6rdagen. Redan d\u00e5 var villan, ett tv\u00e5v\u00e5nings suterr\u00e4nghus, helt \u00f6vert\u00e4nd.&hellip;\n","protected":false},"author":2,"featured_media":367920,"comment_status":"","ping_status":"","sticky":false,"template":"","format":"standard","meta":{"footnotes":"","_share_on_mastodon":"0"},"categories":[14],"tags":[22,23,26,27,17,21,24,25,28,29,15,16,18,34,31,33,32,30,19,20,51,52,53,54],"class_list":["post-367919","post","type-post","status-publish","format-standard","has-post-thumbnail","category-varlden","tag-breaking-news","tag-breakingnews","tag-featured-news","tag-featurednews","tag-headlines","tag-huvudnyheter","tag-latest-news","tag-latestnews","tag-main-news","tag-mainnews","tag-news","tag-nyheter","tag-rubriker","tag-se","tag-svenska","tag-sverige","tag-sweden","tag-swedish","tag-top-stories","tag-topstories","tag-varlden","tag-world","tag-world-news","tag-worldnews"],"share_on_mastodon":{"url":"https:\/\/pubeurope.com\/@se\/117222212169212777","error":""},"_links":{"self":[{"href":"https:\/\/www.europesays.com\/se\/wp-json\/wp\/v2\/posts\/367919","targetHints":{"allow":["GET"]}}],"collection":[{"href":"https:\/\/www.europesays.com\/se\/wp-json\/wp\/v2\/posts"}],"about":[{"href":"https:\/\/www.europesays.com\/se\/wp-json\/wp\/v2\/types\/post"}],"author":[{"embeddable":true,"href":"https:\/\/www.europesays.com\/se\/wp-json\/wp\/v2\/users\/2"}],"replies":[{"embeddable":true,"href":"https:\/\/www.europesays.com\/se\/wp-json\/wp\/v2\/comments?post=367919"}],"version-history":[{"count":0,"href":"https:\/\/www.europesays.com\/se\/wp-json\/wp\/v2\/posts\/367919\/revisions"}],"wp:featuredmedia":[{"embeddable":true,"href":"https:\/\/www.europesays.com\/se\/wp-json\/wp\/v2\/media\/367920"}],"wp:attachment":[{"href":"https:\/\/www.europesays.com\/se\/wp-json\/wp\/v2\/media?parent=367919"}],"wp:term":[{"taxonomy":"category","embeddable":true,"href":"https:\/\/www.europesays.com\/se\/wp-json\/wp\/v2\/categories?post=367919"},{"taxonomy":"post_tag","embeddable":true,"href":"https:\/\/www.europesays.com\/se\/wp-json\/wp\/v2\/tags?post=367919"}],"curies":[{"name":"wp","href":"https:\/\/api.w.org\/{rel}","templated":true}]}}