{"id":367927,"date":"2026-09-06T04:37:11","date_gmt":"2026-09-06T04:37:11","guid":{"rendered":"https:\/\/www.europesays.com\/se\/367927\/"},"modified":"2026-09-06T04:37:11","modified_gmt":"2026-09-06T04:37:11","slug":"usa-sankte-flera-pastadda-knarkbatar-i-stilla-havet","status":"publish","type":"post","link":"https:\/\/www.europesays.com\/se\/367927\/","title":{"rendered":"USA s\u00e4nkte flera p\u00e5st\u00e5dda \u201dknarkb\u00e5tar\u201d i Stilla havet"},"content":{"rendered":"<p>Den amerikanska milit\u00e4ren har spr\u00e4ngt en grupp b\u00e5tar i Stilla havet som man uppger anv\u00e4ndes som en tankstation f\u00f6r narkotikasmugglare. Det skriver milit\u00e4rkommandot Southcom i ett uttalande p\u00e5 X.<\/p>\n<p>Enligt myndigheten fanns det underr\u00e4ttelser om att b\u00e5tarna anv\u00e4ndes av den kriminella organisationen Los Choneros.<\/p>\n<p>Flera personer ska ha omh\u00e4ndertagits fr\u00e5n b\u00e5tarna och f\u00f6rts till Ecuador.<\/p>\n<p>Det senaste \u00e5ret har USA s\u00e4nkt flera b\u00e5tar i Stilla havet som man h\u00e4vdar anv\u00e4nds f\u00f6r att smuggla narkotika. Tillslagen har kritiserats h\u00e5rt d\u00e5 experter menar att milit\u00e4ren kan uts\u00e4tta oskyldiga m\u00e4nniskor f\u00f6r livsfara.<\/p>\n<p>Omni \u00e4r politiskt obundna och oberoende. Vi str\u00e4var efter att ge fler perspektiv p\u00e5 nyheterna. Har du fr\u00e5gor eller synpunkter kring v\u00e5r rapportering? <a href=\"https:\/\/omni.se\/usa-sankte-flera-pastadda-knarkbatar-i-stilla-havet\/a\/mailto:redaktion@omni.se\" class=\"ArticleActions-module-scss-module__w9u9BG__contactLink\" rel=\"nofollow noopener\" target=\"_blank\">Kontakta redaktionen<\/a><\/p>\n","protected":false},"excerpt":{"rendered":"Den amerikanska milit\u00e4ren har spr\u00e4ngt en grupp b\u00e5tar i Stilla havet som man uppger anv\u00e4ndes som en tankstation&hellip;\n","protected":false},"author":2,"featured_media":367928,"comment_status":"","ping_status":"","sticky":false,"template":"","format":"standard","meta":{"footnotes":"","_share_on_mastodon":"0"},"categories":[14],"tags":[22,23,5564,26,27,17,21,24,25,708,28,29,15,268,16,18,34,31,33,32,30,19,20,386,74,51,52,53,54],"class_list":["post-367927","post","type-post","status-publish","format-standard","has-post-thumbnail","category-varlden","tag-breaking-news","tag-breakingnews","tag-ecuador","tag-featured-news","tag-featurednews","tag-headlines","tag-huvudnyheter","tag-latest-news","tag-latestnews","tag-latinamerika","tag-main-news","tag-mainnews","tag-news","tag-nordamerika","tag-nyheter","tag-rubriker","tag-se","tag-svenska","tag-sverige","tag-sweden","tag-swedish","tag-top-stories","tag-topstories","tag-trumps-usa","tag-usa","tag-varlden","tag-world","tag-world-news","tag-worldnews"],"share_on_mastodon":{"url":"https:\/\/pubeurope.com\/@se\/117222247665452155","error":""},"_links":{"self":[{"href":"https:\/\/www.europesays.com\/se\/wp-json\/wp\/v2\/posts\/367927","targetHints":{"allow":["GET"]}}],"collection":[{"href":"https:\/\/www.europesays.com\/se\/wp-json\/wp\/v2\/posts"}],"about":[{"href":"https:\/\/www.europesays.com\/se\/wp-json\/wp\/v2\/types\/post"}],"author":[{"embeddable":true,"href":"https:\/\/www.europesays.com\/se\/wp-json\/wp\/v2\/users\/2"}],"replies":[{"embeddable":true,"href":"https:\/\/www.europesays.com\/se\/wp-json\/wp\/v2\/comments?post=367927"}],"version-history":[{"count":0,"href":"https:\/\/www.europesays.com\/se\/wp-json\/wp\/v2\/posts\/367927\/revisions"}],"wp:featuredmedia":[{"embeddable":true,"href":"https:\/\/www.europesays.com\/se\/wp-json\/wp\/v2\/media\/367928"}],"wp:attachment":[{"href":"https:\/\/www.europesays.com\/se\/wp-json\/wp\/v2\/media?parent=367927"}],"wp:term":[{"taxonomy":"category","embeddable":true,"href":"https:\/\/www.europesays.com\/se\/wp-json\/wp\/v2\/categories?post=367927"},{"taxonomy":"post_tag","embeddable":true,"href":"https:\/\/www.europesays.com\/se\/wp-json\/wp\/v2\/tags?post=367927"}],"curies":[{"name":"wp","href":"https:\/\/api.w.org\/{rel}","templated":true}]}}