{"id":367973,"date":"2026-09-06T05:42:18","date_gmt":"2026-09-06T05:42:18","guid":{"rendered":"https:\/\/www.europesays.com\/se\/367973\/"},"modified":"2026-09-06T05:42:18","modified_gmt":"2026-09-06T05:42:18","slug":"carl-bildt-om-ryska-hotet-hal-i-huvudet","status":"publish","type":"post","link":"https:\/\/www.europesays.com\/se\/367973\/","title":{"rendered":"Carl Bildt om ryska hotet: \u201dH\u00e5l i huvudet\u201d"},"content":{"rendered":"<p class=\"sc-15bc8655-0 sc-68d5ad45-2 fIlQsZ cNUqQW\">Efter de senaste veckornas incidenter utreds en rad sabotagef\u00f6rs\u00f6k i Europa. <\/p>\n<p class=\"sc-15bc8655-0 sc-68d5ad45-2 fIlQsZ cNUqQW\">Fr\u00e4mst \u00e4r det incidenter i Tyskland som utreds, d\u00e4r den mest k\u00e4nda \u00e4r dr\u00f6narattacken p\u00e5 flygplatsen i Leipzig. Personal hittade en dr\u00f6nare med spr\u00e4ngladdning n\u00e4ra ett fraktflygplan fr\u00e5n Ukraina och senare pekades Ryssland ut som ansvariga. <\/p>\n<p class=\"sc-15bc8655-0 sc-68d5ad45-2 fIlQsZ cNUqQW\">Carl Bildt, tidigare moderat statsminister och utrikesminister, tror att det som skett den senaste m\u00e5naden \u00e4r ett resultat av att Putin \u00e4r i ett tr\u00e4ngt l\u00e4ge och d\u00e4rmed f\u00f6rs\u00f6ker eskalera p\u00e5 olika s\u00e4tt f\u00f6r att f\u00e5 ett \u00f6vertag. <\/p>\n<p class=\"sc-15bc8655-0 sc-68d5ad45-2 fIlQsZ cNUqQW\">\u2013 Jag tror att huvuddelen av opinionen i Ryssland vill f\u00e5 ett slut p\u00e5 detta krig, men det finns en mycket militant opinion som kritiserar Putin f\u00f6r att han \u00e4nnu inte har vunnit kriget, s\u00e4ger han.<\/p>\n<p class=\"sc-15bc8655-0 sc-68d5ad45-2 fIlQsZ cNUqQW\">Ut\u00f6ver operationer likt den i Leipzig handlar Putins eskalering ocks\u00e5 om att trappa upp det milit\u00e4ra trycket vid fronten och att trappa upp attackerna p\u00e5 ukrainska st\u00e4der.<\/p>\n<p class=\"sc-15bc8655-0 sc-8139f052-5 gNSUHN hHPpnc\">\u201dH\u00e5l i huvudet\u201d<\/p>\n<p class=\"sc-15bc8655-0 sc-68d5ad45-2 fIlQsZ cNUqQW\">Carl Bildt tror att Putin ser den h\u00e4r typen av agerande som ett s\u00e4tt att f\u00e5 andra l\u00e4nders st\u00f6d till Ukraina att minska. Men han menar att Putins operationer mot Europa i grunden har misslyckats och att det politiskt sett har varit kontraproduktivt \u2013 att st\u00f6det f\u00f6r Ukraina snarare st\u00e4rks.<\/p>\n<p class=\"sc-15bc8655-0 sc-68d5ad45-2 fIlQsZ cNUqQW\">\u2013 Om han skulle tro att detta \u00f6kar st\u00f6det f\u00f6r Ryssland s\u00e5 visar det ju h\u00e5l i huvudet vad g\u00e4ller de som g\u00f6r de politiska kalkylerna i Moskva.<\/p>\n<p class=\"sc-15bc8655-0 sc-68d5ad45-2 fIlQsZ cNUqQW\">Enligt Carl Bildt m\u00e5ste Europa visa Putin att han inte kommer att lyckas med kriget, f\u00f6r det \u00e4r inte f\u00f6rr\u00e4n d\u00e5 som Ryssland kommer n\u00e4rma f\u00f6rhandlingsbordet. D\u00e4rf\u00f6r \u00e4r det viktigaste att forts\u00e4tta st\u00f6dja Ukraina b\u00e5de politiskt och ekonomiskt. <\/p>\n<p class=\"sc-15bc8655-0 sc-68d5ad45-2 fIlQsZ cNUqQW\">\u2013 Det \u00e4r tvekl\u00f6st mycket pengar, men de pengarna \u00e4r ju avg\u00f6rande f\u00f6r v\u00e5rt eget f\u00f6rsvar. Skulle Ukraina falla s\u00e5 vet man inte vem som st\u00e5r n\u00e4st p\u00e5 listan. Ukrainas f\u00f6rsvar \u00e4r v\u00e5rt f\u00f6rsvar f\u00f6r \u00f6gonblicket.<\/p>\n<p class=\"sc-15bc8655-0 sc-68d5ad45-2 fIlQsZ cNUqQW\">Samtidigt menar Carl Bildt att ett avslutat krig inte automatiskt inneb\u00e4r att det \u00e4r fred, utan att Europa kommer f\u00e5 v\u00e4nja sig vid att leva i en tid av varken krig eller fred. <\/p>\n<p class=\"sc-15bc8655-0 sc-68d5ad45-2 fIlQsZ cNUqQW\">\u2013 Vi \u00e4r n\u00e5gonstans i en gr\u00e5zon som vi kan hantera. Vi ska inte bli alltf\u00f6r r\u00e4dda, men vi ska vara mer vaksamma \u00e4n vad vi varit tidigare, s\u00e4ger han. <\/p>\n","protected":false},"excerpt":{"rendered":"Efter de senaste veckornas incidenter utreds en rad sabotagef\u00f6rs\u00f6k i Europa. Fr\u00e4mst \u00e4r det incidenter i Tyskland som&hellip;\n","protected":false},"author":2,"featured_media":367974,"comment_status":"","ping_status":"","sticky":false,"template":"","format":"standard","meta":{"footnotes":"","_share_on_mastodon":"0"},"categories":[14],"tags":[22,23,26,27,17,21,24,25,28,29,15,16,18,34,31,33,32,30,19,20,51,52,53,54],"class_list":["post-367973","post","type-post","status-publish","format-standard","has-post-thumbnail","category-varlden","tag-breaking-news","tag-breakingnews","tag-featured-news","tag-featurednews","tag-headlines","tag-huvudnyheter","tag-latest-news","tag-latestnews","tag-main-news","tag-mainnews","tag-news","tag-nyheter","tag-rubriker","tag-se","tag-svenska","tag-sverige","tag-sweden","tag-swedish","tag-top-stories","tag-topstories","tag-varlden","tag-world","tag-world-news","tag-worldnews"],"share_on_mastodon":{"url":"https:\/\/pubeurope.com\/@se\/117222502748794742","error":""},"_links":{"self":[{"href":"https:\/\/www.europesays.com\/se\/wp-json\/wp\/v2\/posts\/367973","targetHints":{"allow":["GET"]}}],"collection":[{"href":"https:\/\/www.europesays.com\/se\/wp-json\/wp\/v2\/posts"}],"about":[{"href":"https:\/\/www.europesays.com\/se\/wp-json\/wp\/v2\/types\/post"}],"author":[{"embeddable":true,"href":"https:\/\/www.europesays.com\/se\/wp-json\/wp\/v2\/users\/2"}],"replies":[{"embeddable":true,"href":"https:\/\/www.europesays.com\/se\/wp-json\/wp\/v2\/comments?post=367973"}],"version-history":[{"count":0,"href":"https:\/\/www.europesays.com\/se\/wp-json\/wp\/v2\/posts\/367973\/revisions"}],"wp:featuredmedia":[{"embeddable":true,"href":"https:\/\/www.europesays.com\/se\/wp-json\/wp\/v2\/media\/367974"}],"wp:attachment":[{"href":"https:\/\/www.europesays.com\/se\/wp-json\/wp\/v2\/media?parent=367973"}],"wp:term":[{"taxonomy":"category","embeddable":true,"href":"https:\/\/www.europesays.com\/se\/wp-json\/wp\/v2\/categories?post=367973"},{"taxonomy":"post_tag","embeddable":true,"href":"https:\/\/www.europesays.com\/se\/wp-json\/wp\/v2\/tags?post=367973"}],"curies":[{"name":"wp","href":"https:\/\/api.w.org\/{rel}","templated":true}]}}